{"id":109777,"date":"2021-04-13T09:57:17","date_gmt":"2021-04-13T08:57:17","guid":{"rendered":"https:\/\/proveil.es\/?p=109777"},"modified":"2021-04-15T08:05:47","modified_gmt":"2021-04-15T07:05:47","slug":"extensores-para-las-mascarillas-pierdan-su-eficacia","status":"publish","type":"post","link":"https:\/\/proveil.es\/blog\/extensores-para-las-mascarillas-pierdan-su-eficacia\/","title":{"rendered":"\u00bfPueden los extensores para las mascarillas hacer que estas pierdan su eficacia?"},"content":{"rendered":"<p>El uso de mascarillas se ha convertido en una rutina m\u00e1s de nuestro d\u00eda a d\u00eda. Son necesarias pr\u00e1cticamente en todo momento y, muchos de nosotros, nos hemos acostumbrado a ellas de tal forma, que nos olvidamos de que a\u00fan la llevamos puesta cuando llegamos a casa.<\/p>\n<p>Uno de los problemas m\u00e1s comunes de los usuarios, es el ajuste de las gomas. La tensi\u00f3n que \u00e9stas ejercen puede llegar a provocar una gran incomodidad en las orejas con el paso de las horas. Pero\u2026 \u00bfEs normal que aprieten las gomas?<\/p>\n<p>Lo cierto es que es completamente normal. Es importante destacar que parte de la eficacia de una mascarilla, reside en su ajuste. Por eso, \u00e9sta tiene que quedar bien sellada a nuestro rostro, sin que queden huecos en los lados de la cara o en la parte superior de la nariz. Esto permite que el usuario se encuentre m\u00e1s protegido frente a los aerosoles que se encuentran en el exterior, aumentando por lo tanto su seguridad y protecci\u00f3n.<\/p>\n<p>Es por eso por lo que, cada vez m\u00e1s, los compradores est\u00e1n combinando sus mascarillas con el uso de extensores. Se trata de una peque\u00f1a pieza de pl\u00e1stico que se acopla en la parte de la nuca y a la que se enganchan las gomas de la mascarilla, aliviando la presi\u00f3n que \u00e9stas ejercen sobre las orejas.<\/p>\n<p>Si quieres combinar el uso de tu mascarilla PROVEIL con un extensor, puedes hacerlo sin problemas. A continuaci\u00f3n, te detallamos algunos tips que puedes seguir, a la hora de ponerte tu mascarilla, para conseguir el mejor ajuste con rostro:<\/p>\n<ul>\n<li><strong>Selecciona la talla que mejor se adapte a ti<\/strong><\/li>\n<\/ul>\n<p>En nuestra <a href=\"https:\/\/proveil.es\/medicion-mascarillas\/\">gu\u00eda sobre como escoger tu talla<\/a> podr\u00e1s evaluar la medida de tu rostro para elegir el modelo PROVEIL que m\u00e1s te conviene (S o M).<\/p>\n<ul>\n<li><strong>Ajusta las gomas de tu mascarilla<\/strong><\/li>\n<\/ul>\n<p>Las gomas de las mascarillas PROVEIL est\u00e1n pensadas para ofrecer un mayor ajuste y seguridad. Al principio puedes notar que te quedan demasiado apretadas. No te preocupes, es completamente normal. Antes de ponerte tu mascarilla, estira suavemente las gomas sujetando con cuidado los puntos en los que est\u00e1n selladas al cuerpo de esta. Ver\u00e1s que ceden un poco y que ofrecen m\u00e1s holgura.<\/p>\n<p>O si lo prefieres, tambi\u00e9n puedes sujetarlas a tu extensor en la medida que te sea m\u00e1s c\u00f3moda. Siempre aseg\u00farate de que no queden huecos en los laterales de tu rostro.<\/p>\n<ul>\n<li><strong>Ajuste del clip nasal<\/strong><\/li>\n<\/ul>\n<p>Para adaptar la parte superior de la mascarilla, presiona suavemente sobre el clip nasal met\u00e1lico contra tu nariz para que tome su forma. Si ves que no te sale a la primera, est\u00edralo de nuevo y vuelve a intentarlo hasta lograr la forma que te sea m\u00e1s c\u00f3moda.<\/p>\n<p>En PROVEIL estamos comprometidos con tu protecci\u00f3n. Si tienes m\u00e1s dudas o quieres seguir inform\u00e1ndote sobre el correcto uso de las mascarillas, s\u00edguenos a trav\u00e9s de nuestras redes sociales o en https:\/\/proveil.es.<\/p>\n","protected":false},"excerpt":{"rendered":"<p>El uso de mascarillas se ha convertido en una rutina m\u00e1s de nuestro d\u00eda a d\u00eda. Son necesarias pr\u00e1cticamente en todo momento y, muchos de nosotros, nos hemos acostumbrado a ellas de tal forma, que nos olvidamos de que a\u00fan la llevamos puesta cuando llegamos a casa. Uno de los problemas m\u00e1s comunes de los [&#8230;]\n","protected":false},"author":311,"featured_media":109782,"comment_status":"open","ping_status":"closed","sticky":false,"template":"","format":"standard","meta":[],"categories":[1],"tags":[],"yoast_head":"<!-- This site is optimized with the Yoast SEO plugin v18.2 - https:\/\/yoast.com\/wordpress\/plugins\/seo\/ -->\n<title>\u00bfPueden los extensores para las mascarillas hacer que estas pierdan su eficacia? -<\/title>\n<meta name=\"robots\" content=\"index, follow, max-snippet:-1, max-image-preview:large, max-video-preview:-1\" \/>\n<link rel=\"canonical\" href=\"https:\/\/proveil.es\/blog\/extensores-para-las-mascarillas-pierdan-su-eficacia\/\" \/>\n<meta property=\"og:locale\" content=\"es_ES\" \/>\n<meta property=\"og:type\" content=\"article\" \/>\n<meta property=\"og:title\" content=\"\u00bfPueden los extensores para las mascarillas hacer que estas pierdan su eficacia? -\" \/>\n<meta property=\"og:description\" content=\"El uso de mascarillas se ha convertido en una rutina m\u00e1s de nuestro d\u00eda a d\u00eda. Son necesarias pr\u00e1cticamente en todo momento y, muchos de nosotros, nos hemos acostumbrado a ellas de tal forma, que nos olvidamos de que a\u00fan la llevamos puesta cuando llegamos a casa. Uno de los problemas m\u00e1s comunes de los [...]\" \/>\n<meta property=\"og:url\" content=\"https:\/\/proveil.es\/blog\/extensores-para-las-mascarillas-pierdan-su-eficacia\/\" \/>\n<meta property=\"article:published_time\" content=\"2021-04-13T08:57:17+00:00\" \/>\n<meta property=\"article:modified_time\" content=\"2021-04-15T07:05:47+00:00\" \/>\n<meta property=\"og:image\" content=\"https:\/\/proveil.es\/blog\/wp-content\/uploads\/2021\/04\/blog-extensores.png\" \/>\n\t<meta property=\"og:image:width\" content=\"1200\" \/>\n\t<meta property=\"og:image:height\" content=\"900\" \/>\n\t<meta property=\"og:image:type\" content=\"image\/png\" \/>\n<meta name=\"twitter:card\" content=\"summary\" \/>\n<meta name=\"twitter:creator\" content=\"@bioinicia\" \/>\n<meta name=\"twitter:site\" content=\"@bioinicia\" \/>\n<meta name=\"twitter:label1\" content=\"Escrito por\" \/>\n\t<meta name=\"twitter:data1\" content=\"Proveil\" \/>\n\t<meta name=\"twitter:label2\" content=\"Tiempo de lectura\" \/>\n\t<meta name=\"twitter:data2\" content=\"3 minutos\" \/>\n<script type=\"application\/ld+json\" class=\"yoast-schema-graph\">{\"@context\":\"https:\/\/schema.org\",\"@graph\":[{\"@type\":\"Organization\",\"@id\":\"https:\/\/proveil.es\/blog\/#organization\",\"name\":\"BioInicia\",\"url\":\"https:\/\/proveil.es\/blog\/\",\"sameAs\":[\"https:\/\/www.instagram.com\/bioinicia\/?hl=en\",\"https:\/\/www.linkedin.com\/company\/2715089\/admin\/\",\"https:\/\/www.youtube.com\/channel\/UC_nDbEcrhtLCtfjTTZDe-AQ\/videos\",\"https:\/\/twitter.com\/bioinicia\"],\"logo\":{\"@type\":\"ImageObject\",\"@id\":\"https:\/\/proveil.es\/blog\/#logo\",\"inLanguage\":\"es\",\"url\":\"https:\/\/proveil.es\/blog\/wp-content\/uploads\/2020\/09\/proveil-social.jpg\",\"contentUrl\":\"https:\/\/proveil.es\/blog\/wp-content\/uploads\/2020\/09\/proveil-social.jpg\",\"width\":400,\"height\":200,\"caption\":\"BioInicia\"},\"image\":{\"@id\":\"https:\/\/proveil.es\/blog\/#logo\"}},{\"@type\":\"WebSite\",\"@id\":\"https:\/\/proveil.es\/blog\/#website\",\"url\":\"https:\/\/proveil.es\/blog\/\",\"name\":\"\",\"description\":\"\",\"publisher\":{\"@id\":\"https:\/\/proveil.es\/blog\/#organization\"},\"potentialAction\":[{\"@type\":\"SearchAction\",\"target\":{\"@type\":\"EntryPoint\",\"urlTemplate\":\"https:\/\/proveil.es\/blog\/?s={search_term_string}\"},\"query-input\":\"required name=search_term_string\"}],\"inLanguage\":\"es\"},{\"@type\":\"ImageObject\",\"@id\":\"https:\/\/proveil.es\/blog\/extensores-para-las-mascarillas-pierdan-su-eficacia\/#primaryimage\",\"inLanguage\":\"es\",\"url\":\"https:\/\/proveil.es\/blog\/wp-content\/uploads\/2021\/04\/blog-extensores.png\",\"contentUrl\":\"https:\/\/proveil.es\/blog\/wp-content\/uploads\/2021\/04\/blog-extensores.png\",\"width\":1200,\"height\":900},{\"@type\":\"WebPage\",\"@id\":\"https:\/\/proveil.es\/blog\/extensores-para-las-mascarillas-pierdan-su-eficacia\/#webpage\",\"url\":\"https:\/\/proveil.es\/blog\/extensores-para-las-mascarillas-pierdan-su-eficacia\/\",\"name\":\"\u00bfPueden los extensores para las mascarillas hacer que estas pierdan su eficacia? -\",\"isPartOf\":{\"@id\":\"https:\/\/proveil.es\/blog\/#website\"},\"primaryImageOfPage\":{\"@id\":\"https:\/\/proveil.es\/blog\/extensores-para-las-mascarillas-pierdan-su-eficacia\/#primaryimage\"},\"datePublished\":\"2021-04-13T08:57:17+00:00\",\"dateModified\":\"2021-04-15T07:05:47+00:00\",\"breadcrumb\":{\"@id\":\"https:\/\/proveil.es\/blog\/extensores-para-las-mascarillas-pierdan-su-eficacia\/#breadcrumb\"},\"inLanguage\":\"es\",\"potentialAction\":[{\"@type\":\"ReadAction\",\"target\":[\"https:\/\/proveil.es\/blog\/extensores-para-las-mascarillas-pierdan-su-eficacia\/\"]}]},{\"@type\":\"BreadcrumbList\",\"@id\":\"https:\/\/proveil.es\/blog\/extensores-para-las-mascarillas-pierdan-su-eficacia\/#breadcrumb\",\"itemListElement\":[{\"@type\":\"ListItem\",\"position\":1,\"name\":\"Portada\",\"item\":\"https:\/\/proveil.es\/blog\/\"},{\"@type\":\"ListItem\",\"position\":2,\"name\":\"\u00bfPueden los extensores para las mascarillas hacer que estas pierdan su eficacia?\"}]},{\"@type\":\"Article\",\"@id\":\"https:\/\/proveil.es\/blog\/extensores-para-las-mascarillas-pierdan-su-eficacia\/#article\",\"isPartOf\":{\"@id\":\"https:\/\/proveil.es\/blog\/extensores-para-las-mascarillas-pierdan-su-eficacia\/#webpage\"},\"author\":{\"@id\":\"https:\/\/proveil.es\/blog\/#\/schema\/person\/fa47fba2432fc1439cc185b5cfae3975\"},\"headline\":\"\u00bfPueden los extensores para las mascarillas hacer que estas pierdan su eficacia?\",\"datePublished\":\"2021-04-13T08:57:17+00:00\",\"dateModified\":\"2021-04-15T07:05:47+00:00\",\"mainEntityOfPage\":{\"@id\":\"https:\/\/proveil.es\/blog\/extensores-para-las-mascarillas-pierdan-su-eficacia\/#webpage\"},\"wordCount\":533,\"commentCount\":0,\"publisher\":{\"@id\":\"https:\/\/proveil.es\/blog\/#organization\"},\"image\":{\"@id\":\"https:\/\/proveil.es\/blog\/extensores-para-las-mascarillas-pierdan-su-eficacia\/#primaryimage\"},\"thumbnailUrl\":\"https:\/\/proveil.es\/blog\/wp-content\/uploads\/2021\/04\/blog-extensores.png\",\"articleSection\":[\"Noticias\"],\"inLanguage\":\"es\",\"potentialAction\":[{\"@type\":\"CommentAction\",\"name\":\"Comment\",\"target\":[\"https:\/\/proveil.es\/blog\/extensores-para-las-mascarillas-pierdan-su-eficacia\/#respond\"]}]},{\"@type\":\"Person\",\"@id\":\"https:\/\/proveil.es\/blog\/#\/schema\/person\/fa47fba2432fc1439cc185b5cfae3975\",\"name\":\"Proveil\",\"image\":{\"@type\":\"ImageObject\",\"@id\":\"https:\/\/proveil.es\/blog\/#personlogo\",\"inLanguage\":\"es\",\"url\":\"https:\/\/secure.gravatar.com\/avatar\/9f54fd349d6938c8690d9f1ac01b9c68?s=96&d=mm&r=g\",\"contentUrl\":\"https:\/\/secure.gravatar.com\/avatar\/9f54fd349d6938c8690d9f1ac01b9c68?s=96&d=mm&r=g\",\"caption\":\"Proveil\"},\"url\":\"https:\/\/proveil.es\/blog\/author\/jcano\/\"}]}<\/script>\n<!-- \/ Yoast SEO plugin. -->","yoast_head_json":{"title":"\u00bfPueden los extensores para las mascarillas hacer que estas pierdan su eficacia? -","robots":{"index":"index","follow":"follow","max-snippet":"max-snippet:-1","max-image-preview":"max-image-preview:large","max-video-preview":"max-video-preview:-1"},"canonical":"https:\/\/proveil.es\/blog\/extensores-para-las-mascarillas-pierdan-su-eficacia\/","og_locale":"es_ES","og_type":"article","og_title":"\u00bfPueden los extensores para las mascarillas hacer que estas pierdan su eficacia? -","og_description":"El uso de mascarillas se ha convertido en una rutina m\u00e1s de nuestro d\u00eda a d\u00eda. Son necesarias pr\u00e1cticamente en todo momento y, muchos de nosotros, nos hemos acostumbrado a ellas de tal forma, que nos olvidamos de que a\u00fan la llevamos puesta cuando llegamos a casa. Uno de los problemas m\u00e1s comunes de los [...]","og_url":"https:\/\/proveil.es\/blog\/extensores-para-las-mascarillas-pierdan-su-eficacia\/","article_published_time":"2021-04-13T08:57:17+00:00","article_modified_time":"2021-04-15T07:05:47+00:00","og_image":[{"width":1200,"height":900,"url":"https:\/\/proveil.es\/blog\/wp-content\/uploads\/2021\/04\/blog-extensores.png","type":"image\/png"}],"twitter_card":"summary","twitter_creator":"@bioinicia","twitter_site":"@bioinicia","twitter_misc":{"Escrito por":"Proveil","Tiempo de lectura":"3 minutos"},"schema":{"@context":"https:\/\/schema.org","@graph":[{"@type":"Organization","@id":"https:\/\/proveil.es\/blog\/#organization","name":"BioInicia","url":"https:\/\/proveil.es\/blog\/","sameAs":["https:\/\/www.instagram.com\/bioinicia\/?hl=en","https:\/\/www.linkedin.com\/company\/2715089\/admin\/","https:\/\/www.youtube.com\/channel\/UC_nDbEcrhtLCtfjTTZDe-AQ\/videos","https:\/\/twitter.com\/bioinicia"],"logo":{"@type":"ImageObject","@id":"https:\/\/proveil.es\/blog\/#logo","inLanguage":"es","url":"https:\/\/proveil.es\/blog\/wp-content\/uploads\/2020\/09\/proveil-social.jpg","contentUrl":"https:\/\/proveil.es\/blog\/wp-content\/uploads\/2020\/09\/proveil-social.jpg","width":400,"height":200,"caption":"BioInicia"},"image":{"@id":"https:\/\/proveil.es\/blog\/#logo"}},{"@type":"WebSite","@id":"https:\/\/proveil.es\/blog\/#website","url":"https:\/\/proveil.es\/blog\/","name":"","description":"","publisher":{"@id":"https:\/\/proveil.es\/blog\/#organization"},"potentialAction":[{"@type":"SearchAction","target":{"@type":"EntryPoint","urlTemplate":"https:\/\/proveil.es\/blog\/?s={search_term_string}"},"query-input":"required name=search_term_string"}],"inLanguage":"es"},{"@type":"ImageObject","@id":"https:\/\/proveil.es\/blog\/extensores-para-las-mascarillas-pierdan-su-eficacia\/#primaryimage","inLanguage":"es","url":"https:\/\/proveil.es\/blog\/wp-content\/uploads\/2021\/04\/blog-extensores.png","contentUrl":"https:\/\/proveil.es\/blog\/wp-content\/uploads\/2021\/04\/blog-extensores.png","width":1200,"height":900},{"@type":"WebPage","@id":"https:\/\/proveil.es\/blog\/extensores-para-las-mascarillas-pierdan-su-eficacia\/#webpage","url":"https:\/\/proveil.es\/blog\/extensores-para-las-mascarillas-pierdan-su-eficacia\/","name":"\u00bfPueden los extensores para las mascarillas hacer que estas pierdan su eficacia? -","isPartOf":{"@id":"https:\/\/proveil.es\/blog\/#website"},"primaryImageOfPage":{"@id":"https:\/\/proveil.es\/blog\/extensores-para-las-mascarillas-pierdan-su-eficacia\/#primaryimage"},"datePublished":"2021-04-13T08:57:17+00:00","dateModified":"2021-04-15T07:05:47+00:00","breadcrumb":{"@id":"https:\/\/proveil.es\/blog\/extensores-para-las-mascarillas-pierdan-su-eficacia\/#breadcrumb"},"inLanguage":"es","potentialAction":[{"@type":"ReadAction","target":["https:\/\/proveil.es\/blog\/extensores-para-las-mascarillas-pierdan-su-eficacia\/"]}]},{"@type":"BreadcrumbList","@id":"https:\/\/proveil.es\/blog\/extensores-para-las-mascarillas-pierdan-su-eficacia\/#breadcrumb","itemListElement":[{"@type":"ListItem","position":1,"name":"Portada","item":"https:\/\/proveil.es\/blog\/"},{"@type":"ListItem","position":2,"name":"\u00bfPueden los extensores para las mascarillas hacer que estas pierdan su eficacia?"}]},{"@type":"Article","@id":"https:\/\/proveil.es\/blog\/extensores-para-las-mascarillas-pierdan-su-eficacia\/#article","isPartOf":{"@id":"https:\/\/proveil.es\/blog\/extensores-para-las-mascarillas-pierdan-su-eficacia\/#webpage"},"author":{"@id":"https:\/\/proveil.es\/blog\/#\/schema\/person\/fa47fba2432fc1439cc185b5cfae3975"},"headline":"\u00bfPueden los extensores para las mascarillas hacer que estas pierdan su eficacia?","datePublished":"2021-04-13T08:57:17+00:00","dateModified":"2021-04-15T07:05:47+00:00","mainEntityOfPage":{"@id":"https:\/\/proveil.es\/blog\/extensores-para-las-mascarillas-pierdan-su-eficacia\/#webpage"},"wordCount":533,"commentCount":0,"publisher":{"@id":"https:\/\/proveil.es\/blog\/#organization"},"image":{"@id":"https:\/\/proveil.es\/blog\/extensores-para-las-mascarillas-pierdan-su-eficacia\/#primaryimage"},"thumbnailUrl":"https:\/\/proveil.es\/blog\/wp-content\/uploads\/2021\/04\/blog-extensores.png","articleSection":["Noticias"],"inLanguage":"es","potentialAction":[{"@type":"CommentAction","name":"Comment","target":["https:\/\/proveil.es\/blog\/extensores-para-las-mascarillas-pierdan-su-eficacia\/#respond"]}]},{"@type":"Person","@id":"https:\/\/proveil.es\/blog\/#\/schema\/person\/fa47fba2432fc1439cc185b5cfae3975","name":"Proveil","image":{"@type":"ImageObject","@id":"https:\/\/proveil.es\/blog\/#personlogo","inLanguage":"es","url":"https:\/\/secure.gravatar.com\/avatar\/9f54fd349d6938c8690d9f1ac01b9c68?s=96&d=mm&r=g","contentUrl":"https:\/\/secure.gravatar.com\/avatar\/9f54fd349d6938c8690d9f1ac01b9c68?s=96&d=mm&r=g","caption":"Proveil"},"url":"https:\/\/proveil.es\/blog\/author\/jcano\/"}]}},"_links":{"self":[{"href":"https:\/\/proveil.es\/blog\/wp-json\/wp\/v2\/posts\/109777"}],"collection":[{"href":"https:\/\/proveil.es\/blog\/wp-json\/wp\/v2\/posts"}],"about":[{"href":"https:\/\/proveil.es\/blog\/wp-json\/wp\/v2\/types\/post"}],"author":[{"embeddable":true,"href":"https:\/\/proveil.es\/blog\/wp-json\/wp\/v2\/users\/311"}],"replies":[{"embeddable":true,"href":"https:\/\/proveil.es\/blog\/wp-json\/wp\/v2\/comments?post=109777"}],"version-history":[{"count":5,"href":"https:\/\/proveil.es\/blog\/wp-json\/wp\/v2\/posts\/109777\/revisions"}],"predecessor-version":[{"id":110665,"href":"https:\/\/proveil.es\/blog\/wp-json\/wp\/v2\/posts\/109777\/revisions\/110665"}],"wp:featuredmedia":[{"embeddable":true,"href":"https:\/\/proveil.es\/blog\/wp-json\/wp\/v2\/media\/109782"}],"wp:attachment":[{"href":"https:\/\/proveil.es\/blog\/wp-json\/wp\/v2\/media?parent=109777"}],"wp:term":[{"taxonomy":"category","embeddable":true,"href":"https:\/\/proveil.es\/blog\/wp-json\/wp\/v2\/categories?post=109777"},{"taxonomy":"post_tag","embeddable":true,"href":"https:\/\/proveil.es\/blog\/wp-json\/wp\/v2\/tags?post=109777"}],"curies":[{"name":"wp","href":"https:\/\/api.w.org\/{rel}","templated":true}]}}