{"id":112844,"date":"2021-04-22T11:01:35","date_gmt":"2021-04-22T10:01:35","guid":{"rendered":"https:\/\/proveil.es\/?p=112844"},"modified":"2021-04-22T11:03:27","modified_gmt":"2021-04-22T10:03:27","slug":"recomendables-las-mascarillas-de-tela","status":"publish","type":"post","link":"https:\/\/proveil.es\/blog\/recomendables-las-mascarillas-de-tela\/","title":{"rendered":"\u00bfSon recomendables las mascarillas de tela?"},"content":{"rendered":"<p>La escasez de mascarillas al inicio de la pandemia y la conciencia ecol\u00f3gica ha llevado a muchas personas a usar mascarillas de tela para protegerse frente al coronavirus. Sin embargo, estas mascarillas no ofrecen la misma seguridad, como indica el propio Centro Europeo de Prevenci\u00f3n y Control de Enfermedades, a\u00f1adiendo que las mascarillas de tela com\u00fan no se pueden considerar protectoras ante el coronavirus y su uso no debe ser fomentado entre la poblaci\u00f3n.<\/p>\n<p>La Organizaci\u00f3n Mundial de la Salud (OMS) no recomienda el uso de mascarillas de tela, pero en entornos donde las mascarillas son tan limitados que los est\u00e1ndares de cuidado habitualmente utilizados para mascarillas ya no son posibles, y las m\u00e1scaras quir\u00fargicas no est\u00e1n disponibles, como \u00faltimo recurso, puede ser necesario el uso de m\u00e1scaras que nunca hayan sido evaluadas o aprobadas por las normativas actuales.<\/p>\n<p>Las mascarillas de telase enmarcan dentro de una categor\u00eda que son las mascarillas higi\u00e9nicas.<\/p>\n<p>En este sentido es importante recalcar que las mascarillas de tela han de estar fabricadas con un material homologado, llevar el filtro correcto y realizar un buen mantenimiento.<\/p>\n<p>En caso contrario, sus niveles de protecci\u00f3n y eficacia frente al virus son m\u00ednimos.<\/p>\n<p>A pesar de dicha recomendaci\u00f3n, en caso de que se opte por este tipo de mascarilla, siempre deben cumplir los criterios de homologaci\u00f3n y presentar la certificaci\u00f3n de la norma UNE 0065, y tener una forma similar a las mascarillas quir\u00fargicas, ya que, por ejemplo, si tienen la costura la costura en el centro, en la parte en la que est\u00e1 la costura no garantiza una correcta filtraci\u00f3n.<\/p>\n<p>En caso de que no especifiquen el cumplimiento de la dicha norma, su uso es totalmente desaconsejable, ya que los criterios de eficacia y respirabilidad no est\u00e1n sujetos a las certificaciones decretadas.<\/p>\n<h2><strong>\u00bfPor qu\u00e9 elegir las mascarillas Proveil<\/p>\n<p><\/strong><\/h2>\n<p>La clave de la efectividad de las mascarillas PROVEIL\u00ae con propiedades viricidas se encuentra en su filtro.<\/p>\n<p>Para ello, aplicamos el tratamiento donde es m\u00e1s efectivo, en el filtro, porque es ah\u00ed donde se paran los microorganismos. El nuevo filtro no permite la entrada a trav\u00e9s de la barrera mec\u00e1nica de sus nanofibras, momento en el que empieza a actuar el viricida. El coronavirus se inactiva hasta en un 97%, en dos horas de contacto. Mientras que, en el caso de las bacterias, el filtro PROVEIL\u00ae con propiedades viricidas en tres horas de contacto inactiva al 99,9%.<\/p>\n<p>Este nuevo tratamiento antimicrobiano propio del filtro, combinado con la capacidad total de filtraci\u00f3n frente a los aerosoles con carga viral infectiva, un buen ajuste de la mascarilla, y una pulverizaci\u00f3n con soluci\u00f3n alcoh\u00f3lica de las capas internas y externas entre uso y uso, garantizan la seguridad \u00f3ptima para nuestras EPIs.<\/p>\n<p>Las principales ventajas de las mascarillas PROVEIL\u00ae frente al resto de modelos es la ligereza de la mascarilla y que evac\u00faan mejor el calor, el CO2 y la humedad con lo cual desde un punto de vista de confortabilidad es importante. La protecci\u00f3n de las mascarillas PROVEIL\u00ae es mayor gracias a la barrera infranqueable que se produce entre el virus y la persona. El tama\u00f1o de poro de los filtros de nanofibras PROVEIL puede ser tan peque\u00f1o como el tama\u00f1o del virus.\u00a0 Las nuevas mascarillas contienen un viricida s\u00f3lido, grado farmac\u00e9utico, que funciona por contacto dentro del filtro, en el core, en el interior de la mascarilla, justo donde se frena el virus.<\/p>\n<p>Adem\u00e1s, una de las grandes ventajas de la mascarilla PROVEIL\u00ae es la posibilidad de aumentar su durabilidad y seguridad gracias a su desinfecci\u00f3n. Las mascarillas con filtro de nanofibras desarrolladas por CSIC y Bioinicia se pueden desinfectar con pulverizaci\u00f3n de disoluciones de alcohol a 70\u00ba, mientras que con el material tradicional eso no se puede hacer debido a que pierden las cargas electrost\u00e1ticas y por tanto sus propiedades de filtraci\u00f3n.<\/p>\n","protected":false},"excerpt":{"rendered":"<p>La escasez de mascarillas al inicio de la pandemia y la conciencia ecol\u00f3gica ha llevado a muchas personas a usar mascarillas de tela para protegerse frente al coronavirus. Sin embargo, estas mascarillas no ofrecen la misma seguridad, como indica el propio Centro Europeo de Prevenci\u00f3n y Control de Enfermedades, a\u00f1adiendo que las mascarillas de tela [&#8230;]\n","protected":false},"author":311,"featured_media":112850,"comment_status":"open","ping_status":"closed","sticky":false,"template":"","format":"standard","meta":[],"categories":[1],"tags":[],"yoast_head":"<!-- This site is optimized with the Yoast SEO plugin v18.2 - https:\/\/yoast.com\/wordpress\/plugins\/seo\/ -->\n<title>\u00bfSon recomendables las mascarillas de tela? -<\/title>\n<meta name=\"robots\" content=\"index, follow, max-snippet:-1, max-image-preview:large, max-video-preview:-1\" \/>\n<link rel=\"canonical\" href=\"https:\/\/proveil.es\/blog\/recomendables-las-mascarillas-de-tela\/\" \/>\n<meta property=\"og:locale\" content=\"es_ES\" \/>\n<meta property=\"og:type\" content=\"article\" \/>\n<meta property=\"og:title\" content=\"\u00bfSon recomendables las mascarillas de tela? -\" \/>\n<meta property=\"og:description\" content=\"La escasez de mascarillas al inicio de la pandemia y la conciencia ecol\u00f3gica ha llevado a muchas personas a usar mascarillas de tela para protegerse frente al coronavirus. Sin embargo, estas mascarillas no ofrecen la misma seguridad, como indica el propio Centro Europeo de Prevenci\u00f3n y Control de Enfermedades, a\u00f1adiendo que las mascarillas de tela [...]\" \/>\n<meta property=\"og:url\" content=\"https:\/\/proveil.es\/blog\/recomendables-las-mascarillas-de-tela\/\" \/>\n<meta property=\"article:published_time\" content=\"2021-04-22T10:01:35+00:00\" \/>\n<meta property=\"article:modified_time\" content=\"2021-04-22T10:03:27+00:00\" \/>\n<meta property=\"og:image\" content=\"https:\/\/proveil.es\/blog\/wp-content\/uploads\/2021\/04\/blog-mascarillas-tela-1024x768.png\" \/>\n\t<meta property=\"og:image:width\" content=\"1024\" \/>\n\t<meta property=\"og:image:height\" content=\"768\" \/>\n\t<meta property=\"og:image:type\" content=\"image\/png\" \/>\n<meta name=\"twitter:card\" content=\"summary\" \/>\n<meta name=\"twitter:creator\" content=\"@bioinicia\" \/>\n<meta name=\"twitter:site\" content=\"@bioinicia\" \/>\n<meta name=\"twitter:label1\" content=\"Escrito por\" \/>\n\t<meta name=\"twitter:data1\" content=\"Proveil\" \/>\n\t<meta name=\"twitter:label2\" content=\"Tiempo de lectura\" \/>\n\t<meta name=\"twitter:data2\" content=\"3 minutos\" \/>\n<script type=\"application\/ld+json\" class=\"yoast-schema-graph\">{\"@context\":\"https:\/\/schema.org\",\"@graph\":[{\"@type\":\"Organization\",\"@id\":\"https:\/\/proveil.es\/blog\/#organization\",\"name\":\"BioInicia\",\"url\":\"https:\/\/proveil.es\/blog\/\",\"sameAs\":[\"https:\/\/www.instagram.com\/bioinicia\/?hl=en\",\"https:\/\/www.linkedin.com\/company\/2715089\/admin\/\",\"https:\/\/www.youtube.com\/channel\/UC_nDbEcrhtLCtfjTTZDe-AQ\/videos\",\"https:\/\/twitter.com\/bioinicia\"],\"logo\":{\"@type\":\"ImageObject\",\"@id\":\"https:\/\/proveil.es\/blog\/#logo\",\"inLanguage\":\"es\",\"url\":\"https:\/\/proveil.es\/blog\/wp-content\/uploads\/2020\/09\/proveil-social.jpg\",\"contentUrl\":\"https:\/\/proveil.es\/blog\/wp-content\/uploads\/2020\/09\/proveil-social.jpg\",\"width\":400,\"height\":200,\"caption\":\"BioInicia\"},\"image\":{\"@id\":\"https:\/\/proveil.es\/blog\/#logo\"}},{\"@type\":\"WebSite\",\"@id\":\"https:\/\/proveil.es\/blog\/#website\",\"url\":\"https:\/\/proveil.es\/blog\/\",\"name\":\"\",\"description\":\"\",\"publisher\":{\"@id\":\"https:\/\/proveil.es\/blog\/#organization\"},\"potentialAction\":[{\"@type\":\"SearchAction\",\"target\":{\"@type\":\"EntryPoint\",\"urlTemplate\":\"https:\/\/proveil.es\/blog\/?s={search_term_string}\"},\"query-input\":\"required name=search_term_string\"}],\"inLanguage\":\"es\"},{\"@type\":\"ImageObject\",\"@id\":\"https:\/\/proveil.es\/blog\/recomendables-las-mascarillas-de-tela\/#primaryimage\",\"inLanguage\":\"es\",\"url\":\"https:\/\/proveil.es\/blog\/wp-content\/uploads\/2021\/04\/blog-mascarillas-tela.png\",\"contentUrl\":\"https:\/\/proveil.es\/blog\/wp-content\/uploads\/2021\/04\/blog-mascarillas-tela.png\",\"width\":1200,\"height\":900},{\"@type\":\"WebPage\",\"@id\":\"https:\/\/proveil.es\/blog\/recomendables-las-mascarillas-de-tela\/#webpage\",\"url\":\"https:\/\/proveil.es\/blog\/recomendables-las-mascarillas-de-tela\/\",\"name\":\"\u00bfSon recomendables las mascarillas de tela? -\",\"isPartOf\":{\"@id\":\"https:\/\/proveil.es\/blog\/#website\"},\"primaryImageOfPage\":{\"@id\":\"https:\/\/proveil.es\/blog\/recomendables-las-mascarillas-de-tela\/#primaryimage\"},\"datePublished\":\"2021-04-22T10:01:35+00:00\",\"dateModified\":\"2021-04-22T10:03:27+00:00\",\"breadcrumb\":{\"@id\":\"https:\/\/proveil.es\/blog\/recomendables-las-mascarillas-de-tela\/#breadcrumb\"},\"inLanguage\":\"es\",\"potentialAction\":[{\"@type\":\"ReadAction\",\"target\":[\"https:\/\/proveil.es\/blog\/recomendables-las-mascarillas-de-tela\/\"]}]},{\"@type\":\"BreadcrumbList\",\"@id\":\"https:\/\/proveil.es\/blog\/recomendables-las-mascarillas-de-tela\/#breadcrumb\",\"itemListElement\":[{\"@type\":\"ListItem\",\"position\":1,\"name\":\"Portada\",\"item\":\"https:\/\/proveil.es\/blog\/\"},{\"@type\":\"ListItem\",\"position\":2,\"name\":\"\u00bfSon recomendables las mascarillas de tela?\"}]},{\"@type\":\"Article\",\"@id\":\"https:\/\/proveil.es\/blog\/recomendables-las-mascarillas-de-tela\/#article\",\"isPartOf\":{\"@id\":\"https:\/\/proveil.es\/blog\/recomendables-las-mascarillas-de-tela\/#webpage\"},\"author\":{\"@id\":\"https:\/\/proveil.es\/blog\/#\/schema\/person\/fa47fba2432fc1439cc185b5cfae3975\"},\"headline\":\"\u00bfSon recomendables las mascarillas de tela?\",\"datePublished\":\"2021-04-22T10:01:35+00:00\",\"dateModified\":\"2021-04-22T10:03:27+00:00\",\"mainEntityOfPage\":{\"@id\":\"https:\/\/proveil.es\/blog\/recomendables-las-mascarillas-de-tela\/#webpage\"},\"wordCount\":674,\"commentCount\":1,\"publisher\":{\"@id\":\"https:\/\/proveil.es\/blog\/#organization\"},\"image\":{\"@id\":\"https:\/\/proveil.es\/blog\/recomendables-las-mascarillas-de-tela\/#primaryimage\"},\"thumbnailUrl\":\"https:\/\/proveil.es\/blog\/wp-content\/uploads\/2021\/04\/blog-mascarillas-tela.png\",\"articleSection\":[\"Noticias\"],\"inLanguage\":\"es\",\"potentialAction\":[{\"@type\":\"CommentAction\",\"name\":\"Comment\",\"target\":[\"https:\/\/proveil.es\/blog\/recomendables-las-mascarillas-de-tela\/#respond\"]}]},{\"@type\":\"Person\",\"@id\":\"https:\/\/proveil.es\/blog\/#\/schema\/person\/fa47fba2432fc1439cc185b5cfae3975\",\"name\":\"Proveil\",\"image\":{\"@type\":\"ImageObject\",\"@id\":\"https:\/\/proveil.es\/blog\/#personlogo\",\"inLanguage\":\"es\",\"url\":\"https:\/\/secure.gravatar.com\/avatar\/9f54fd349d6938c8690d9f1ac01b9c68?s=96&d=mm&r=g\",\"contentUrl\":\"https:\/\/secure.gravatar.com\/avatar\/9f54fd349d6938c8690d9f1ac01b9c68?s=96&d=mm&r=g\",\"caption\":\"Proveil\"},\"url\":\"https:\/\/proveil.es\/blog\/author\/jcano\/\"}]}<\/script>\n<!-- \/ Yoast SEO plugin. -->","yoast_head_json":{"title":"\u00bfSon recomendables las mascarillas de tela? -","robots":{"index":"index","follow":"follow","max-snippet":"max-snippet:-1","max-image-preview":"max-image-preview:large","max-video-preview":"max-video-preview:-1"},"canonical":"https:\/\/proveil.es\/blog\/recomendables-las-mascarillas-de-tela\/","og_locale":"es_ES","og_type":"article","og_title":"\u00bfSon recomendables las mascarillas de tela? -","og_description":"La escasez de mascarillas al inicio de la pandemia y la conciencia ecol\u00f3gica ha llevado a muchas personas a usar mascarillas de tela para protegerse frente al coronavirus. Sin embargo, estas mascarillas no ofrecen la misma seguridad, como indica el propio Centro Europeo de Prevenci\u00f3n y Control de Enfermedades, a\u00f1adiendo que las mascarillas de tela [...]","og_url":"https:\/\/proveil.es\/blog\/recomendables-las-mascarillas-de-tela\/","article_published_time":"2021-04-22T10:01:35+00:00","article_modified_time":"2021-04-22T10:03:27+00:00","og_image":[{"width":1024,"height":768,"url":"https:\/\/proveil.es\/blog\/wp-content\/uploads\/2021\/04\/blog-mascarillas-tela-1024x768.png","type":"image\/png"}],"twitter_card":"summary","twitter_creator":"@bioinicia","twitter_site":"@bioinicia","twitter_misc":{"Escrito por":"Proveil","Tiempo de lectura":"3 minutos"},"schema":{"@context":"https:\/\/schema.org","@graph":[{"@type":"Organization","@id":"https:\/\/proveil.es\/blog\/#organization","name":"BioInicia","url":"https:\/\/proveil.es\/blog\/","sameAs":["https:\/\/www.instagram.com\/bioinicia\/?hl=en","https:\/\/www.linkedin.com\/company\/2715089\/admin\/","https:\/\/www.youtube.com\/channel\/UC_nDbEcrhtLCtfjTTZDe-AQ\/videos","https:\/\/twitter.com\/bioinicia"],"logo":{"@type":"ImageObject","@id":"https:\/\/proveil.es\/blog\/#logo","inLanguage":"es","url":"https:\/\/proveil.es\/blog\/wp-content\/uploads\/2020\/09\/proveil-social.jpg","contentUrl":"https:\/\/proveil.es\/blog\/wp-content\/uploads\/2020\/09\/proveil-social.jpg","width":400,"height":200,"caption":"BioInicia"},"image":{"@id":"https:\/\/proveil.es\/blog\/#logo"}},{"@type":"WebSite","@id":"https:\/\/proveil.es\/blog\/#website","url":"https:\/\/proveil.es\/blog\/","name":"","description":"","publisher":{"@id":"https:\/\/proveil.es\/blog\/#organization"},"potentialAction":[{"@type":"SearchAction","target":{"@type":"EntryPoint","urlTemplate":"https:\/\/proveil.es\/blog\/?s={search_term_string}"},"query-input":"required name=search_term_string"}],"inLanguage":"es"},{"@type":"ImageObject","@id":"https:\/\/proveil.es\/blog\/recomendables-las-mascarillas-de-tela\/#primaryimage","inLanguage":"es","url":"https:\/\/proveil.es\/blog\/wp-content\/uploads\/2021\/04\/blog-mascarillas-tela.png","contentUrl":"https:\/\/proveil.es\/blog\/wp-content\/uploads\/2021\/04\/blog-mascarillas-tela.png","width":1200,"height":900},{"@type":"WebPage","@id":"https:\/\/proveil.es\/blog\/recomendables-las-mascarillas-de-tela\/#webpage","url":"https:\/\/proveil.es\/blog\/recomendables-las-mascarillas-de-tela\/","name":"\u00bfSon recomendables las mascarillas de tela? -","isPartOf":{"@id":"https:\/\/proveil.es\/blog\/#website"},"primaryImageOfPage":{"@id":"https:\/\/proveil.es\/blog\/recomendables-las-mascarillas-de-tela\/#primaryimage"},"datePublished":"2021-04-22T10:01:35+00:00","dateModified":"2021-04-22T10:03:27+00:00","breadcrumb":{"@id":"https:\/\/proveil.es\/blog\/recomendables-las-mascarillas-de-tela\/#breadcrumb"},"inLanguage":"es","potentialAction":[{"@type":"ReadAction","target":["https:\/\/proveil.es\/blog\/recomendables-las-mascarillas-de-tela\/"]}]},{"@type":"BreadcrumbList","@id":"https:\/\/proveil.es\/blog\/recomendables-las-mascarillas-de-tela\/#breadcrumb","itemListElement":[{"@type":"ListItem","position":1,"name":"Portada","item":"https:\/\/proveil.es\/blog\/"},{"@type":"ListItem","position":2,"name":"\u00bfSon recomendables las mascarillas de tela?"}]},{"@type":"Article","@id":"https:\/\/proveil.es\/blog\/recomendables-las-mascarillas-de-tela\/#article","isPartOf":{"@id":"https:\/\/proveil.es\/blog\/recomendables-las-mascarillas-de-tela\/#webpage"},"author":{"@id":"https:\/\/proveil.es\/blog\/#\/schema\/person\/fa47fba2432fc1439cc185b5cfae3975"},"headline":"\u00bfSon recomendables las mascarillas de tela?","datePublished":"2021-04-22T10:01:35+00:00","dateModified":"2021-04-22T10:03:27+00:00","mainEntityOfPage":{"@id":"https:\/\/proveil.es\/blog\/recomendables-las-mascarillas-de-tela\/#webpage"},"wordCount":674,"commentCount":1,"publisher":{"@id":"https:\/\/proveil.es\/blog\/#organization"},"image":{"@id":"https:\/\/proveil.es\/blog\/recomendables-las-mascarillas-de-tela\/#primaryimage"},"thumbnailUrl":"https:\/\/proveil.es\/blog\/wp-content\/uploads\/2021\/04\/blog-mascarillas-tela.png","articleSection":["Noticias"],"inLanguage":"es","potentialAction":[{"@type":"CommentAction","name":"Comment","target":["https:\/\/proveil.es\/blog\/recomendables-las-mascarillas-de-tela\/#respond"]}]},{"@type":"Person","@id":"https:\/\/proveil.es\/blog\/#\/schema\/person\/fa47fba2432fc1439cc185b5cfae3975","name":"Proveil","image":{"@type":"ImageObject","@id":"https:\/\/proveil.es\/blog\/#personlogo","inLanguage":"es","url":"https:\/\/secure.gravatar.com\/avatar\/9f54fd349d6938c8690d9f1ac01b9c68?s=96&d=mm&r=g","contentUrl":"https:\/\/secure.gravatar.com\/avatar\/9f54fd349d6938c8690d9f1ac01b9c68?s=96&d=mm&r=g","caption":"Proveil"},"url":"https:\/\/proveil.es\/blog\/author\/jcano\/"}]}},"_links":{"self":[{"href":"https:\/\/proveil.es\/blog\/wp-json\/wp\/v2\/posts\/112844"}],"collection":[{"href":"https:\/\/proveil.es\/blog\/wp-json\/wp\/v2\/posts"}],"about":[{"href":"https:\/\/proveil.es\/blog\/wp-json\/wp\/v2\/types\/post"}],"author":[{"embeddable":true,"href":"https:\/\/proveil.es\/blog\/wp-json\/wp\/v2\/users\/311"}],"replies":[{"embeddable":true,"href":"https:\/\/proveil.es\/blog\/wp-json\/wp\/v2\/comments?post=112844"}],"version-history":[{"count":4,"href":"https:\/\/proveil.es\/blog\/wp-json\/wp\/v2\/posts\/112844\/revisions"}],"predecessor-version":[{"id":112851,"href":"https:\/\/proveil.es\/blog\/wp-json\/wp\/v2\/posts\/112844\/revisions\/112851"}],"wp:featuredmedia":[{"embeddable":true,"href":"https:\/\/proveil.es\/blog\/wp-json\/wp\/v2\/media\/112850"}],"wp:attachment":[{"href":"https:\/\/proveil.es\/blog\/wp-json\/wp\/v2\/media?parent=112844"}],"wp:term":[{"taxonomy":"category","embeddable":true,"href":"https:\/\/proveil.es\/blog\/wp-json\/wp\/v2\/categories?post=112844"},{"taxonomy":"post_tag","embeddable":true,"href":"https:\/\/proveil.es\/blog\/wp-json\/wp\/v2\/tags?post=112844"}],"curies":[{"name":"wp","href":"https:\/\/api.w.org\/{rel}","templated":true}]}}