{"id":183558,"date":"2022-02-11T12:34:23","date_gmt":"2022-02-11T11:34:23","guid":{"rendered":"https:\/\/proveil.es\/blog\/?p=183558"},"modified":"2022-02-11T14:16:45","modified_gmt":"2022-02-11T13:16:45","slug":"dia-de-la-mujer-y-nina-en-la-ciencia","status":"publish","type":"post","link":"https:\/\/proveil.es\/blog\/dia-de-la-mujer-y-nina-en-la-ciencia\/","title":{"rendered":"\u201cCuando se alcanzan posiciones senior o de m\u00e1s responsabilidad en el \u00e1rea cient\u00edfica, la presencia de la mujer cae en picado\u201d"},"content":{"rendered":"<p>Mar\u00eda Pardo, \u00darsula Escriche, Emma Tal\u00f3n y Rosa Rodr\u00edguez forman, junto a otros compa\u00f1eros, el departamento de I+D+i en Bioinicia, empresa valenciana dedicada al desarrollo de proyectos de biotecnolog\u00eda.<\/p>\n<p>En el marco del D\u00eda Internacional de la Mujer y la Ni\u00f1a en la Ciencia, explican qu\u00e9 supone para ellas la investigaci\u00f3n, c\u00f3mo ven el papel de las mujeres en este \u00e1mbito y cu\u00e1l es el futuro que espera a las j\u00f3venes cient\u00edficas en Espa\u00f1a.<\/p>\n<p><img loading=\"lazy\" class=\"aligncenter wp-image-183565 size-medium\" style=\"color: #555555; font-size: 14.4px;\" src=\"https:\/\/proveil.es\/blog\/wp-content\/uploads\/2022\/02\/maria-pardo-300x300.png\" alt=\"\" width=\"300\" height=\"300\" srcset=\"https:\/\/proveil.es\/blog\/wp-content\/uploads\/2022\/02\/maria-pardo-300x300.png 300w, https:\/\/proveil.es\/blog\/wp-content\/uploads\/2022\/02\/maria-pardo-1024x1024.png 1024w, https:\/\/proveil.es\/blog\/wp-content\/uploads\/2022\/02\/maria-pardo-150x150.png 150w, https:\/\/proveil.es\/blog\/wp-content\/uploads\/2022\/02\/maria-pardo-768x768.png 768w, https:\/\/proveil.es\/blog\/wp-content\/uploads\/2022\/02\/maria-pardo-330x330.png 330w, https:\/\/proveil.es\/blog\/wp-content\/uploads\/2022\/02\/maria-pardo-505x505.png 505w, https:\/\/proveil.es\/blog\/wp-content\/uploads\/2022\/02\/maria-pardo-100x100.png 100w, https:\/\/proveil.es\/blog\/wp-content\/uploads\/2022\/02\/maria-pardo.png 1080w\" sizes=\"(max-width: 300px) 100vw, 300px\" \/><\/p>\n<p>&nbsp;<\/p>\n<p>\u201cSiempre he sido una persona curiosa y con af\u00e1n de superaci\u00f3n, creo que estos dos rasgos son determinantes para adentrarse en una carrera cient\u00edfica por vocaci\u00f3n: la curiosidad de descubrir el porqu\u00e9 de las cosas y la fuerza para superar los retos que aparecen durante la investigaci\u00f3n\u201d, afirma <strong>Mar\u00eda Pardo<\/strong>, <strong>responsable de departamento de I+D+i en Bioinicia y especialista en biomateriales para aplicaciones farmac\u00e9uticas y biom\u00e9dicas<\/strong>. Pero para que cada vez m\u00e1s ni\u00f1as sientan esa vocaci\u00f3n, \u201clas instituciones deben darles la oportunidad de conocer, estudiar y desarrollar las carreras relacionadas con la Ciencia, mostr\u00e1ndoles las oportunidades de las futuras profesiones, resaltando el papel de la mujer y todo lo que se podr\u00eda lograr con sus capacidades\u201d, a\u00f1ade <strong>Rosa Rodr\u00edguez, t\u00e9cnico de laboratorio de I+D en el Departamento de I+D+i de Bioinicia y especialista en bioprocesos y farmacia.<\/strong><\/p>\n<p>Para estas profesionales, el efecto Matilda -los prejuicios a la hora de reconocer los logros de las mujeres cient\u00edficas- \u201chizo que muchas mujeres no se vieran o plantearan seguir una carrera cient\u00edfica. Esto hace, en parte, que las ni\u00f1as no tengan un rol o modelo con el que identificarse y al que quieran imitar. Por eso las instituciones tienen un papel fundamental, porque hacer pol\u00edticas de g\u00e9nero y educar en la igualdad de oportunidades son pilares fundamentales para paliar este problema\u201d.<\/p>\n<p>&nbsp;<\/p>\n<p><strong><img loading=\"lazy\" class=\"aligncenter wp-image-183568 size-medium\" src=\"https:\/\/proveil.es\/blog\/wp-content\/uploads\/2022\/02\/rosa-300x300.png\" alt=\"\" width=\"300\" height=\"300\" srcset=\"https:\/\/proveil.es\/blog\/wp-content\/uploads\/2022\/02\/rosa-300x300.png 300w, https:\/\/proveil.es\/blog\/wp-content\/uploads\/2022\/02\/rosa-1024x1024.png 1024w, https:\/\/proveil.es\/blog\/wp-content\/uploads\/2022\/02\/rosa-150x150.png 150w, https:\/\/proveil.es\/blog\/wp-content\/uploads\/2022\/02\/rosa-768x768.png 768w, https:\/\/proveil.es\/blog\/wp-content\/uploads\/2022\/02\/rosa-330x330.png 330w, https:\/\/proveil.es\/blog\/wp-content\/uploads\/2022\/02\/rosa-505x505.png 505w, https:\/\/proveil.es\/blog\/wp-content\/uploads\/2022\/02\/rosa-100x100.png 100w, https:\/\/proveil.es\/blog\/wp-content\/uploads\/2022\/02\/rosa.png 1080w\" sizes=\"(max-width: 300px) 100vw, 300px\" \/>\u00a0<\/strong><\/p>\n<p>&nbsp;<\/p>\n<p>Al preguntarles si creen que las mujeres gozan de una representaci\u00f3n suficiente en el \u00e1mbito de la investigaci\u00f3n en Espa\u00f1a, Mar\u00eda Pardo responde que \u201ccada vez estamos m\u00e1s<\/p>\n<p>cerca de la paridad, sobre todo en los primeros pasos de la carrera de investigaci\u00f3n (doctorandos, primeros a\u00f1os postdoctorales o t\u00e9cnicos). De todos modos, a\u00fan nos queda camino por recorrer, ya que, cuando se alcanzan posiciones senior o de m\u00e1s responsabilidad en el \u00e1rea cient\u00edfica, la presencia de la mujer cae en picado. Por supuesto siempre hay excepciones, en nuestro departamento, sin ir m\u00e1s lejos, hay una paridad real y el departamento est\u00e1 encabezado por una mujer, por lo que siempre hay matices\u201d.<\/p>\n<p>En este punto incide <strong>Emma Tal\u00f3n, l\u00edder de proyectos de I+D en Bioinicia y especialista en la microencapsulaci\u00f3n de bioactivos para la industria alimentaria y de complementos alimenticios<\/strong>, \u201cla desigualdad de g\u00e9nero en el mundo de la ciencia es todav\u00eda latente en nuestro pa\u00eds y as\u00ed lo demuestran las cifras y los datos de diferentes estudios recientes, pero esto se hace todav\u00eda m\u00e1s notable cuando nos fijamos en los altos cargos investigadores. De hecho, puede llamar la atenci\u00f3n que el n\u00famero de alumnas en algunas carreras cient\u00edficas es igual o superior al n\u00famero de alumnos, pero conforme vamos escalando en los puestos, este porcentaje var\u00eda hasta llegar a casi un 70% de puestos ocupados por hombres catedr\u00e1ticos y altos cargos en empresas. Estas cifras quiz\u00e1s se correspondan en gran medida al reflejo de hace unas d\u00e9cadas, por las dificultades hist\u00f3ricas, pero lo cierto es que todav\u00eda las mujeres se encuentran con trabas relacionadas con los estereotipos de g\u00e9nero, la dedicaci\u00f3n al cuidado de hijos y otros familiares que pueden frenar la carrera investigadora o, incluso, la falta de referentes femeninos en la ciencia de nuestro pa\u00eds. Personalmente, nunca me he sentido discriminada por ser mujer y tengo la suerte de pertenecer a una empresa como Bioinicia donde se apuesta por la paridad de manera real y el alto porcentaje de mujeres en todos los departamentos as\u00ed lo demuestra\u201d.<\/p>\n<p>&nbsp;<\/p>\n<p><img loading=\"lazy\" class=\"aligncenter wp-image-183567 size-medium\" src=\"https:\/\/proveil.es\/blog\/wp-content\/uploads\/2022\/02\/emma-talon-300x300.png\" alt=\"\" width=\"300\" height=\"300\" srcset=\"https:\/\/proveil.es\/blog\/wp-content\/uploads\/2022\/02\/emma-talon-300x300.png 300w, https:\/\/proveil.es\/blog\/wp-content\/uploads\/2022\/02\/emma-talon-1024x1024.png 1024w, https:\/\/proveil.es\/blog\/wp-content\/uploads\/2022\/02\/emma-talon-150x150.png 150w, https:\/\/proveil.es\/blog\/wp-content\/uploads\/2022\/02\/emma-talon-768x768.png 768w, https:\/\/proveil.es\/blog\/wp-content\/uploads\/2022\/02\/emma-talon-330x330.png 330w, https:\/\/proveil.es\/blog\/wp-content\/uploads\/2022\/02\/emma-talon-505x505.png 505w, https:\/\/proveil.es\/blog\/wp-content\/uploads\/2022\/02\/emma-talon-100x100.png 100w, https:\/\/proveil.es\/blog\/wp-content\/uploads\/2022\/02\/emma-talon.png 1080w\" sizes=\"(max-width: 300px) 100vw, 300px\" \/><\/p>\n<p>&nbsp;<\/p>\n<p>\u00bfY cu\u00e1ndo nos comparamos con otros pa\u00edses? \u00bfEn qu\u00e9 posici\u00f3n queda Espa\u00f1a? Seg\u00fan <strong>Emma Tal\u00f3n,<\/strong> \u201cen los pa\u00edses de nuestro entorno podemos encontrar realidades muy distintas respecto a la posici\u00f3n de la mujer en la ciencia. Espa\u00f1a no es de los pa\u00edses con una brecha de g\u00e9nero mayor, pero s\u00ed que hay pa\u00edses europeos con mejores porcentajes de ocupaci\u00f3n de altos cargos en la ciencia por mujeres y que cuentan con menos desigualdades salariales entre cient\u00edficos y cient\u00edficas. De hecho, seg\u00fan algunos de los datos m\u00e1s recientes, hay algunos pa\u00edses de nuestro entorno donde las mujeres cient\u00edficas ya son m\u00e1s que sus hom\u00f3logos masculinos. Un ejemplo claro es Finlandia, uno de los pa\u00edses l\u00edderes en temas de igualdad. El acceso de las ni\u00f1as a las carreras cient\u00edficas y el aumento de referentes femeninos en congresos, tribunales y puestos en la universidad facilita este cambio de tendencia, as\u00ed como la apuesta de algunas empresas privadas punteras en investigaci\u00f3n que apuestan por la paridad\u201d.<\/p>\n<p>&nbsp;<\/p>\n<p><img loading=\"lazy\" class=\"aligncenter wp-image-183566 size-medium\" src=\"https:\/\/proveil.es\/blog\/wp-content\/uploads\/2022\/02\/ursula-300x300.png\" alt=\"\" width=\"300\" height=\"300\" srcset=\"https:\/\/proveil.es\/blog\/wp-content\/uploads\/2022\/02\/ursula-300x300.png 300w, https:\/\/proveil.es\/blog\/wp-content\/uploads\/2022\/02\/ursula-1024x1024.png 1024w, https:\/\/proveil.es\/blog\/wp-content\/uploads\/2022\/02\/ursula-150x150.png 150w, https:\/\/proveil.es\/blog\/wp-content\/uploads\/2022\/02\/ursula-768x768.png 768w, https:\/\/proveil.es\/blog\/wp-content\/uploads\/2022\/02\/ursula-330x330.png 330w, https:\/\/proveil.es\/blog\/wp-content\/uploads\/2022\/02\/ursula-505x505.png 505w, https:\/\/proveil.es\/blog\/wp-content\/uploads\/2022\/02\/ursula-100x100.png 100w, https:\/\/proveil.es\/blog\/wp-content\/uploads\/2022\/02\/ursula.png 1080w\" sizes=\"(max-width: 300px) 100vw, 300px\" \/><\/p>\n<p><strong>\u00a0<\/strong><\/p>\n<p>A menudo se habla de la fuga de talento, de la exigua inversi\u00f3n en Ciencia y de las escasas oportunidades laborales existentes para los cient\u00edficos espa\u00f1oles. \u201cEste asunto tiene muchos matices, muchas excepciones. Si hablamos de investigaci\u00f3n pura y dura es cierto que, por desgracia, en Espa\u00f1a convivimos con una situaci\u00f3n de temporalidad e inestabilidad laboral para los futuros cient\u00edficos\u201d, explica <strong>\u00darsula Escriche, t\u00e9cnico de laboratorio I+D+i en Bioinicia y especialista en formulaci\u00f3n cosm\u00e9tica<\/strong>. \u201cQue un investigador, tras un doctorado, formado y plenamente competente en su trabajo, tenga un contrato por obra y servicio durante muchos a\u00f1os sin ninguna estabilidad laboral a largo plazo, es hoy en d\u00eda una realidad\u201d. \u201cNo obstante\u201d, a\u00f1ade \u201cy un poco al margen de los datos y estad\u00edsticas que se puedan llegar a leer en muchos peri\u00f3dicos, creo que, gracias a los nuevos adelantos y tecnolog\u00edas, cada vez son m\u00e1s las empresas que invierten y apuestan por la investigaci\u00f3n y desarrollo dentro de su campo y sus competencias.\u00a0No s\u00f3lo con inversi\u00f3n en bienes materiales, como instrumentaci\u00f3n anal\u00edtica o infraestructuras que permitan desarrollar y crear modos de trabajos punteros con una tecnolog\u00eda innovadora. Sino a invertir en personal. Confiar en j\u00f3venes cient\u00edficos y cient\u00edficas, con o sin experiencia, que puedan desarrollar su trayectoria profesional dentro del equipo que consolida la rama de I+D dentro de la empresa\u201d.<\/p>\n<p>Este conjunto de pr\u00e1cticas se traduce, seg\u00fan \u00darsula Escriche, en una mayor competitividad en el mercado, lo que lleva a conseguir una buena financiaci\u00f3n para continuar investigando y generando un trabajo eficiente y productivo. \u201cPor todo ello, considero que el futuro de la investigaci\u00f3n y desarrollo en Espa\u00f1a no se ve, ni llega. El futuro se construye, y creo que vamos o estamos en el buen camino\u201d, concluye.<\/p>\n<p><strong>\u00a0<\/strong><\/p>\n<p><strong>Valencia, una apuesta por la innovaci\u00f3n y el desarrollo<\/strong><\/p>\n<p>Pese a las dificultades comentadas, a las futuras cient\u00edficas que quieran empezar a formarse en alguna rama de ciencias (Qu\u00edmica, Biolog\u00eda, F\u00edsica, Farmacia, etc.), les esperan grandes retos y oportunidades laborales en \u00e1reas muy diferentes, lo que hace que el abanico profesional y las salidas laborales cient\u00edficas sean muy vers\u00e1tiles y variadas.<\/p>\n<p>\u201cTrabajar en investigaci\u00f3n dentro de las universidades mediante un doctorado o form\u00e1ndose como futuro docente, puede ser una opci\u00f3n tras terminar los estudios universitarios\u201d, opina \u00darsula Escriche. \u201cDentro de la investigaci\u00f3n, tambi\u00e9n existe la posibilidad de trabajar en numerosos institutos tecnol\u00f3gicos o centros de investigaci\u00f3n, donde las futuras cient\u00edficas, puedan desarrollar sus conocimientos y especialidades adquiridos a lo largo de sus estudios y aplicarlos en muchos proyectos orientados a diferentes mercados y clientes\u201d.<\/p>\n<p>Formar parte de la empresa privada es otra muy buena opci\u00f3n, ya que, a trav\u00e9s de pr\u00e1cticas universitarias o necesidades de mercado, existen una gran variedad de puestos en departamentos como I+D, Control de Calidad, Microbiolog\u00eda, o departamentos t\u00e9cnicos y de producci\u00f3n.<\/p>\n<p>\u201cValencia es una ciudad que cuenta con numerosas instituciones tanto p\u00fablicas como privadas para poder formarse y trabajar dentro del \u00e1mbito cient\u00edfico tanto a nivel acad\u00e9mico, como centros tecnol\u00f3gicos, as\u00ed como muchas empresas privadas sobre todo dentro del sector cosm\u00e9tico y alimentario. Del mismo modo, hay una gran inversi\u00f3n en proyectos de innovaci\u00f3n y desarrollo por parte de la Generalitat, lo cual contribuye a la oferta de m\u00e1s puestos de I+D para nuevos licenciados y graduados\u201d, asegura \u00darsula Escriche.<\/p>\n","protected":false},"excerpt":{"rendered":"<p>Mar\u00eda Pardo, \u00darsula Escriche, Emma Tal\u00f3n y Rosa Rodr\u00edguez forman, junto a otros compa\u00f1eros, el departamento de I+D+i en Bioinicia, empresa valenciana dedicada al desarrollo de proyectos de biotecnolog\u00eda. En el marco del D\u00eda Internacional de la Mujer y la Ni\u00f1a en la Ciencia, explican qu\u00e9 supone para ellas la investigaci\u00f3n, c\u00f3mo ven el papel [&#8230;]\n","protected":false},"author":29791,"featured_media":183561,"comment_status":"open","ping_status":"closed","sticky":false,"template":"","format":"standard","meta":[],"categories":[1],"tags":[],"yoast_head":"<!-- This site is optimized with the Yoast SEO plugin v18.2 - https:\/\/yoast.com\/wordpress\/plugins\/seo\/ -->\n<title>\u201cCuando se alcanzan posiciones senior o de m\u00e1s responsabilidad en el \u00e1rea cient\u00edfica, la presencia de la mujer cae en picado\u201d -<\/title>\n<meta name=\"robots\" content=\"index, follow, max-snippet:-1, max-image-preview:large, max-video-preview:-1\" \/>\n<link rel=\"canonical\" href=\"https:\/\/proveil.es\/blog\/dia-de-la-mujer-y-nina-en-la-ciencia\/\" \/>\n<meta property=\"og:locale\" content=\"es_ES\" \/>\n<meta property=\"og:type\" content=\"article\" \/>\n<meta property=\"og:title\" content=\"\u201cCuando se alcanzan posiciones senior o de m\u00e1s responsabilidad en el \u00e1rea cient\u00edfica, la presencia de la mujer cae en picado\u201d -\" \/>\n<meta property=\"og:description\" content=\"Mar\u00eda Pardo, \u00darsula Escriche, Emma Tal\u00f3n y Rosa Rodr\u00edguez forman, junto a otros compa\u00f1eros, el departamento de I+D+i en Bioinicia, empresa valenciana dedicada al desarrollo de proyectos de biotecnolog\u00eda. En el marco del D\u00eda Internacional de la Mujer y la Ni\u00f1a en la Ciencia, explican qu\u00e9 supone para ellas la investigaci\u00f3n, c\u00f3mo ven el papel [...]\" \/>\n<meta property=\"og:url\" content=\"https:\/\/proveil.es\/blog\/dia-de-la-mujer-y-nina-en-la-ciencia\/\" \/>\n<meta property=\"article:published_time\" content=\"2022-02-11T11:34:23+00:00\" \/>\n<meta property=\"article:modified_time\" content=\"2022-02-11T13:16:45+00:00\" \/>\n<meta property=\"og:image\" content=\"https:\/\/proveil.es\/blog\/wp-content\/uploads\/2022\/02\/MicrosoftTeams-image-20-1-scaled.jpg\" \/>\n\t<meta property=\"og:image:width\" content=\"2560\" \/>\n\t<meta property=\"og:image:height\" content=\"1462\" \/>\n\t<meta property=\"og:image:type\" content=\"image\/jpeg\" \/>\n<meta name=\"twitter:card\" content=\"summary\" \/>\n<meta name=\"twitter:creator\" content=\"@bioinicia\" \/>\n<meta name=\"twitter:site\" content=\"@bioinicia\" \/>\n<meta name=\"twitter:label1\" content=\"Escrito por\" \/>\n\t<meta name=\"twitter:data1\" content=\"egabaldon\" \/>\n\t<meta name=\"twitter:label2\" content=\"Tiempo de lectura\" \/>\n\t<meta name=\"twitter:data2\" content=\"8 minutos\" \/>\n<script type=\"application\/ld+json\" class=\"yoast-schema-graph\">{\"@context\":\"https:\/\/schema.org\",\"@graph\":[{\"@type\":\"Organization\",\"@id\":\"https:\/\/proveil.es\/blog\/#organization\",\"name\":\"BioInicia\",\"url\":\"https:\/\/proveil.es\/blog\/\",\"sameAs\":[\"https:\/\/www.instagram.com\/bioinicia\/?hl=en\",\"https:\/\/www.linkedin.com\/company\/2715089\/admin\/\",\"https:\/\/www.youtube.com\/channel\/UC_nDbEcrhtLCtfjTTZDe-AQ\/videos\",\"https:\/\/twitter.com\/bioinicia\"],\"logo\":{\"@type\":\"ImageObject\",\"@id\":\"https:\/\/proveil.es\/blog\/#logo\",\"inLanguage\":\"es\",\"url\":\"https:\/\/proveil.es\/blog\/wp-content\/uploads\/2020\/09\/proveil-social.jpg\",\"contentUrl\":\"https:\/\/proveil.es\/blog\/wp-content\/uploads\/2020\/09\/proveil-social.jpg\",\"width\":400,\"height\":200,\"caption\":\"BioInicia\"},\"image\":{\"@id\":\"https:\/\/proveil.es\/blog\/#logo\"}},{\"@type\":\"WebSite\",\"@id\":\"https:\/\/proveil.es\/blog\/#website\",\"url\":\"https:\/\/proveil.es\/blog\/\",\"name\":\"\",\"description\":\"\",\"publisher\":{\"@id\":\"https:\/\/proveil.es\/blog\/#organization\"},\"potentialAction\":[{\"@type\":\"SearchAction\",\"target\":{\"@type\":\"EntryPoint\",\"urlTemplate\":\"https:\/\/proveil.es\/blog\/?s={search_term_string}\"},\"query-input\":\"required name=search_term_string\"}],\"inLanguage\":\"es\"},{\"@type\":\"ImageObject\",\"@id\":\"https:\/\/proveil.es\/blog\/dia-de-la-mujer-y-nina-en-la-ciencia\/#primaryimage\",\"inLanguage\":\"es\",\"url\":\"https:\/\/proveil.es\/blog\/wp-content\/uploads\/2022\/02\/MicrosoftTeams-image-20-1-scaled.jpg\",\"contentUrl\":\"https:\/\/proveil.es\/blog\/wp-content\/uploads\/2022\/02\/MicrosoftTeams-image-20-1-scaled.jpg\",\"width\":2560,\"height\":1462},{\"@type\":\"WebPage\",\"@id\":\"https:\/\/proveil.es\/blog\/dia-de-la-mujer-y-nina-en-la-ciencia\/#webpage\",\"url\":\"https:\/\/proveil.es\/blog\/dia-de-la-mujer-y-nina-en-la-ciencia\/\",\"name\":\"\u201cCuando se alcanzan posiciones senior o de m\u00e1s responsabilidad en el \u00e1rea cient\u00edfica, la presencia de la mujer cae en picado\u201d -\",\"isPartOf\":{\"@id\":\"https:\/\/proveil.es\/blog\/#website\"},\"primaryImageOfPage\":{\"@id\":\"https:\/\/proveil.es\/blog\/dia-de-la-mujer-y-nina-en-la-ciencia\/#primaryimage\"},\"datePublished\":\"2022-02-11T11:34:23+00:00\",\"dateModified\":\"2022-02-11T13:16:45+00:00\",\"breadcrumb\":{\"@id\":\"https:\/\/proveil.es\/blog\/dia-de-la-mujer-y-nina-en-la-ciencia\/#breadcrumb\"},\"inLanguage\":\"es\",\"potentialAction\":[{\"@type\":\"ReadAction\",\"target\":[\"https:\/\/proveil.es\/blog\/dia-de-la-mujer-y-nina-en-la-ciencia\/\"]}]},{\"@type\":\"BreadcrumbList\",\"@id\":\"https:\/\/proveil.es\/blog\/dia-de-la-mujer-y-nina-en-la-ciencia\/#breadcrumb\",\"itemListElement\":[{\"@type\":\"ListItem\",\"position\":1,\"name\":\"Portada\",\"item\":\"https:\/\/proveil.es\/blog\/\"},{\"@type\":\"ListItem\",\"position\":2,\"name\":\"\u201cCuando se alcanzan posiciones senior o de m\u00e1s responsabilidad en el \u00e1rea cient\u00edfica, la presencia de la mujer cae en picado\u201d\"}]},{\"@type\":\"Article\",\"@id\":\"https:\/\/proveil.es\/blog\/dia-de-la-mujer-y-nina-en-la-ciencia\/#article\",\"isPartOf\":{\"@id\":\"https:\/\/proveil.es\/blog\/dia-de-la-mujer-y-nina-en-la-ciencia\/#webpage\"},\"author\":{\"@id\":\"https:\/\/proveil.es\/blog\/#\/schema\/person\/d750f0bda047e89dabec6417ef472622\"},\"headline\":\"\u201cCuando se alcanzan posiciones senior o de m\u00e1s responsabilidad en el \u00e1rea cient\u00edfica, la presencia de la mujer cae en picado\u201d\",\"datePublished\":\"2022-02-11T11:34:23+00:00\",\"dateModified\":\"2022-02-11T13:16:45+00:00\",\"mainEntityOfPage\":{\"@id\":\"https:\/\/proveil.es\/blog\/dia-de-la-mujer-y-nina-en-la-ciencia\/#webpage\"},\"wordCount\":1532,\"commentCount\":0,\"publisher\":{\"@id\":\"https:\/\/proveil.es\/blog\/#organization\"},\"image\":{\"@id\":\"https:\/\/proveil.es\/blog\/dia-de-la-mujer-y-nina-en-la-ciencia\/#primaryimage\"},\"thumbnailUrl\":\"https:\/\/proveil.es\/blog\/wp-content\/uploads\/2022\/02\/MicrosoftTeams-image-20-1-scaled.jpg\",\"articleSection\":[\"Noticias\"],\"inLanguage\":\"es\",\"potentialAction\":[{\"@type\":\"CommentAction\",\"name\":\"Comment\",\"target\":[\"https:\/\/proveil.es\/blog\/dia-de-la-mujer-y-nina-en-la-ciencia\/#respond\"]}]},{\"@type\":\"Person\",\"@id\":\"https:\/\/proveil.es\/blog\/#\/schema\/person\/d750f0bda047e89dabec6417ef472622\",\"name\":\"egabaldon\",\"image\":{\"@type\":\"ImageObject\",\"@id\":\"https:\/\/proveil.es\/blog\/#personlogo\",\"inLanguage\":\"es\",\"url\":\"https:\/\/secure.gravatar.com\/avatar\/7516b74109c8f192930dc02f8800fc0e?s=96&d=mm&r=g\",\"contentUrl\":\"https:\/\/secure.gravatar.com\/avatar\/7516b74109c8f192930dc02f8800fc0e?s=96&d=mm&r=g\",\"caption\":\"egabaldon\"},\"url\":\"https:\/\/proveil.es\/blog\/author\/egabaldon\/\"}]}<\/script>\n<!-- \/ Yoast SEO plugin. -->","yoast_head_json":{"title":"\u201cCuando se alcanzan posiciones senior o de m\u00e1s responsabilidad en el \u00e1rea cient\u00edfica, la presencia de la mujer cae en picado\u201d -","robots":{"index":"index","follow":"follow","max-snippet":"max-snippet:-1","max-image-preview":"max-image-preview:large","max-video-preview":"max-video-preview:-1"},"canonical":"https:\/\/proveil.es\/blog\/dia-de-la-mujer-y-nina-en-la-ciencia\/","og_locale":"es_ES","og_type":"article","og_title":"\u201cCuando se alcanzan posiciones senior o de m\u00e1s responsabilidad en el \u00e1rea cient\u00edfica, la presencia de la mujer cae en picado\u201d -","og_description":"Mar\u00eda Pardo, \u00darsula Escriche, Emma Tal\u00f3n y Rosa Rodr\u00edguez forman, junto a otros compa\u00f1eros, el departamento de I+D+i en Bioinicia, empresa valenciana dedicada al desarrollo de proyectos de biotecnolog\u00eda. En el marco del D\u00eda Internacional de la Mujer y la Ni\u00f1a en la Ciencia, explican qu\u00e9 supone para ellas la investigaci\u00f3n, c\u00f3mo ven el papel [...]","og_url":"https:\/\/proveil.es\/blog\/dia-de-la-mujer-y-nina-en-la-ciencia\/","article_published_time":"2022-02-11T11:34:23+00:00","article_modified_time":"2022-02-11T13:16:45+00:00","og_image":[{"width":2560,"height":1462,"url":"https:\/\/proveil.es\/blog\/wp-content\/uploads\/2022\/02\/MicrosoftTeams-image-20-1-scaled.jpg","type":"image\/jpeg"}],"twitter_card":"summary","twitter_creator":"@bioinicia","twitter_site":"@bioinicia","twitter_misc":{"Escrito por":"egabaldon","Tiempo de lectura":"8 minutos"},"schema":{"@context":"https:\/\/schema.org","@graph":[{"@type":"Organization","@id":"https:\/\/proveil.es\/blog\/#organization","name":"BioInicia","url":"https:\/\/proveil.es\/blog\/","sameAs":["https:\/\/www.instagram.com\/bioinicia\/?hl=en","https:\/\/www.linkedin.com\/company\/2715089\/admin\/","https:\/\/www.youtube.com\/channel\/UC_nDbEcrhtLCtfjTTZDe-AQ\/videos","https:\/\/twitter.com\/bioinicia"],"logo":{"@type":"ImageObject","@id":"https:\/\/proveil.es\/blog\/#logo","inLanguage":"es","url":"https:\/\/proveil.es\/blog\/wp-content\/uploads\/2020\/09\/proveil-social.jpg","contentUrl":"https:\/\/proveil.es\/blog\/wp-content\/uploads\/2020\/09\/proveil-social.jpg","width":400,"height":200,"caption":"BioInicia"},"image":{"@id":"https:\/\/proveil.es\/blog\/#logo"}},{"@type":"WebSite","@id":"https:\/\/proveil.es\/blog\/#website","url":"https:\/\/proveil.es\/blog\/","name":"","description":"","publisher":{"@id":"https:\/\/proveil.es\/blog\/#organization"},"potentialAction":[{"@type":"SearchAction","target":{"@type":"EntryPoint","urlTemplate":"https:\/\/proveil.es\/blog\/?s={search_term_string}"},"query-input":"required name=search_term_string"}],"inLanguage":"es"},{"@type":"ImageObject","@id":"https:\/\/proveil.es\/blog\/dia-de-la-mujer-y-nina-en-la-ciencia\/#primaryimage","inLanguage":"es","url":"https:\/\/proveil.es\/blog\/wp-content\/uploads\/2022\/02\/MicrosoftTeams-image-20-1-scaled.jpg","contentUrl":"https:\/\/proveil.es\/blog\/wp-content\/uploads\/2022\/02\/MicrosoftTeams-image-20-1-scaled.jpg","width":2560,"height":1462},{"@type":"WebPage","@id":"https:\/\/proveil.es\/blog\/dia-de-la-mujer-y-nina-en-la-ciencia\/#webpage","url":"https:\/\/proveil.es\/blog\/dia-de-la-mujer-y-nina-en-la-ciencia\/","name":"\u201cCuando se alcanzan posiciones senior o de m\u00e1s responsabilidad en el \u00e1rea cient\u00edfica, la presencia de la mujer cae en picado\u201d -","isPartOf":{"@id":"https:\/\/proveil.es\/blog\/#website"},"primaryImageOfPage":{"@id":"https:\/\/proveil.es\/blog\/dia-de-la-mujer-y-nina-en-la-ciencia\/#primaryimage"},"datePublished":"2022-02-11T11:34:23+00:00","dateModified":"2022-02-11T13:16:45+00:00","breadcrumb":{"@id":"https:\/\/proveil.es\/blog\/dia-de-la-mujer-y-nina-en-la-ciencia\/#breadcrumb"},"inLanguage":"es","potentialAction":[{"@type":"ReadAction","target":["https:\/\/proveil.es\/blog\/dia-de-la-mujer-y-nina-en-la-ciencia\/"]}]},{"@type":"BreadcrumbList","@id":"https:\/\/proveil.es\/blog\/dia-de-la-mujer-y-nina-en-la-ciencia\/#breadcrumb","itemListElement":[{"@type":"ListItem","position":1,"name":"Portada","item":"https:\/\/proveil.es\/blog\/"},{"@type":"ListItem","position":2,"name":"\u201cCuando se alcanzan posiciones senior o de m\u00e1s responsabilidad en el \u00e1rea cient\u00edfica, la presencia de la mujer cae en picado\u201d"}]},{"@type":"Article","@id":"https:\/\/proveil.es\/blog\/dia-de-la-mujer-y-nina-en-la-ciencia\/#article","isPartOf":{"@id":"https:\/\/proveil.es\/blog\/dia-de-la-mujer-y-nina-en-la-ciencia\/#webpage"},"author":{"@id":"https:\/\/proveil.es\/blog\/#\/schema\/person\/d750f0bda047e89dabec6417ef472622"},"headline":"\u201cCuando se alcanzan posiciones senior o de m\u00e1s responsabilidad en el \u00e1rea cient\u00edfica, la presencia de la mujer cae en picado\u201d","datePublished":"2022-02-11T11:34:23+00:00","dateModified":"2022-02-11T13:16:45+00:00","mainEntityOfPage":{"@id":"https:\/\/proveil.es\/blog\/dia-de-la-mujer-y-nina-en-la-ciencia\/#webpage"},"wordCount":1532,"commentCount":0,"publisher":{"@id":"https:\/\/proveil.es\/blog\/#organization"},"image":{"@id":"https:\/\/proveil.es\/blog\/dia-de-la-mujer-y-nina-en-la-ciencia\/#primaryimage"},"thumbnailUrl":"https:\/\/proveil.es\/blog\/wp-content\/uploads\/2022\/02\/MicrosoftTeams-image-20-1-scaled.jpg","articleSection":["Noticias"],"inLanguage":"es","potentialAction":[{"@type":"CommentAction","name":"Comment","target":["https:\/\/proveil.es\/blog\/dia-de-la-mujer-y-nina-en-la-ciencia\/#respond"]}]},{"@type":"Person","@id":"https:\/\/proveil.es\/blog\/#\/schema\/person\/d750f0bda047e89dabec6417ef472622","name":"egabaldon","image":{"@type":"ImageObject","@id":"https:\/\/proveil.es\/blog\/#personlogo","inLanguage":"es","url":"https:\/\/secure.gravatar.com\/avatar\/7516b74109c8f192930dc02f8800fc0e?s=96&d=mm&r=g","contentUrl":"https:\/\/secure.gravatar.com\/avatar\/7516b74109c8f192930dc02f8800fc0e?s=96&d=mm&r=g","caption":"egabaldon"},"url":"https:\/\/proveil.es\/blog\/author\/egabaldon\/"}]}},"_links":{"self":[{"href":"https:\/\/proveil.es\/blog\/wp-json\/wp\/v2\/posts\/183558"}],"collection":[{"href":"https:\/\/proveil.es\/blog\/wp-json\/wp\/v2\/posts"}],"about":[{"href":"https:\/\/proveil.es\/blog\/wp-json\/wp\/v2\/types\/post"}],"author":[{"embeddable":true,"href":"https:\/\/proveil.es\/blog\/wp-json\/wp\/v2\/users\/29791"}],"replies":[{"embeddable":true,"href":"https:\/\/proveil.es\/blog\/wp-json\/wp\/v2\/comments?post=183558"}],"version-history":[{"count":4,"href":"https:\/\/proveil.es\/blog\/wp-json\/wp\/v2\/posts\/183558\/revisions"}],"predecessor-version":[{"id":183570,"href":"https:\/\/proveil.es\/blog\/wp-json\/wp\/v2\/posts\/183558\/revisions\/183570"}],"wp:featuredmedia":[{"embeddable":true,"href":"https:\/\/proveil.es\/blog\/wp-json\/wp\/v2\/media\/183561"}],"wp:attachment":[{"href":"https:\/\/proveil.es\/blog\/wp-json\/wp\/v2\/media?parent=183558"}],"wp:term":[{"taxonomy":"category","embeddable":true,"href":"https:\/\/proveil.es\/blog\/wp-json\/wp\/v2\/categories?post=183558"},{"taxonomy":"post_tag","embeddable":true,"href":"https:\/\/proveil.es\/blog\/wp-json\/wp\/v2\/tags?post=183558"}],"curies":[{"name":"wp","href":"https:\/\/api.w.org\/{rel}","templated":true}]}}