{"id":183619,"date":"2022-03-18T10:24:27","date_gmt":"2022-03-18T09:24:27","guid":{"rendered":"https:\/\/proveil.es\/blog\/?p=183619"},"modified":"2022-03-18T10:33:43","modified_gmt":"2022-03-18T09:33:43","slug":"duracion-mascarillas-ffp2","status":"publish","type":"post","link":"https:\/\/proveil.es\/blog\/duracion-mascarillas-ffp2\/","title":{"rendered":"\u00bfCu\u00e1nto dura mi mascarilla?"},"content":{"rendered":"<p>Las mascarillas se han convertido en un objeto imprescindible para evitar el contagio y la propagaci\u00f3n de la Covid-19. \u00a0Sin embargo, muchas personas contin\u00faan utilizando las mascarillas sin tener en cuenta los l\u00edmites de tiempo, corriendo el riesgo de hacer uso inadecuado de un producto que puede que no est\u00e9 protegiendo.<\/p>\n<p>En este art\u00edculo, podr\u00e1s conocer la duraci\u00f3n de las mascarillas FFP2 y quir\u00fargicas, a qu\u00e9 se debe esta limitaci\u00f3n y por qu\u00e9 la duraci\u00f3n de los filtros Proveil es mayor que el resto.<\/p>\n<p>&nbsp;<\/p>\n<h2>Duraci\u00f3n de las mascarillas FFP2<\/h2>\n<p>Las mascarillas EPI se consideran Equipos de Protecci\u00f3n Individual (EPI) y se recomiendan para el empleo profesional para crear una barrera entre un riesgo potencial y el usuario. Seg\u00fan su eficacia de filtraci\u00f3n, existen 3 tipos: FFP1, FFP2 y FFP3.<\/p>\n<p>De este modo, la filtraci\u00f3n mec\u00e1nica con nanofibras\u00a0es m\u00e1s eficiente para atrapar aerosoles peque\u00f1os, gracias a que tienen un tama\u00f1o de poro mucho m\u00e1s peque\u00f1o.<\/p>\n<p>Tambi\u00e9n es muy importante atender al marcado de la mascarilla FFP2, ya que, gracias a este certificado, se puede saber si esta es reutilizable (R) o no reutilizable (NR).<\/p>\n<p>Por su parte, la <a href=\"https:\/\/proveil.es\/mascarillas-ffp2-proveil-csic\/35-ffp2-sm.html\">Mascarilla FFP2 Proveil<\/a>\u00a0 tiene una duraci\u00f3n de 16 horas. Con eficaces filtros de nanofibras y componentes viricidas testados en el filtro, dan una protecci\u00f3n FFP2 \u00f3ptima y con una duraci\u00f3n \u00fanica.<\/p>\n<p>&nbsp;<\/p>\n<h2>Cu\u00e1nto duran las mascarillas quir\u00fargicas<\/h2>\n<p><img loading=\"lazy\" class=\"alignnone wp-image-183625 size-full\" src=\"https:\/\/proveil.es\/blog\/wp-content\/uploads\/2022\/03\/post-proveil-3.png\" alt=\"\" width=\"1024\" height=\"585\" srcset=\"https:\/\/proveil.es\/blog\/wp-content\/uploads\/2022\/03\/post-proveil-3.png 1024w, https:\/\/proveil.es\/blog\/wp-content\/uploads\/2022\/03\/post-proveil-3-300x171.png 300w, https:\/\/proveil.es\/blog\/wp-content\/uploads\/2022\/03\/post-proveil-3-768x439.png 768w, https:\/\/proveil.es\/blog\/wp-content\/uploads\/2022\/03\/post-proveil-3-505x289.png 505w\" sizes=\"(max-width: 1024px) 100vw, 1024px\" \/><\/p>\n<p>Primero que todo, es importante saber que las mascarillas quir\u00fargicas son las mascarillas desechables de ajuste holgado cuya funci\u00f3n reside en filtrar bacterias. Antes de que llegara la Covid-19, eran las mascarillas que acostumbr\u00e1bamos a ver en ambientes cl\u00ednicos.<\/p>\n<p>Su misi\u00f3n es evitar la dispersi\u00f3n de bacterias al estornudar, toser o hablar. Existen 3 tipos de mascarillas quir\u00fargicas en funci\u00f3n de la eficacia de filtraci\u00f3n: Tipo I y Tipo II e IIR. Estas \u00faltimas pueden ser resistentes a salpicaduras.<\/p>\n<p>Hay que tener en cuenta que siempre hay que atender a la informaci\u00f3n que facilite el fabricante. Sin embargo, las autoridades sanitarias aconsejan que su uso no supere las 4 horas. Adem\u00e1s, esta se deber\u00e1 reemplazar inmediatamente si se humedece o se ensucia.<\/p>\n<p>En cambio, las <a href=\"https:\/\/proveil.es\/quirurgica\/24-viricida.html\">Mascarillas Quir\u00fargicas Proveil<\/a>, tienen una duraci\u00f3n de 8 horas, resultados obtenidos por estudios internos, y con una capacidad de filtraci\u00f3n superior al 90% tanto bacteriano como por aerosoles. La capacidad de filtraci\u00f3n de cualquier material var\u00eda con el tama\u00f1o de la part\u00edcula. El mecanismo de filtraci\u00f3n es diferente para part\u00edculas peque\u00f1as, que se retienen por difusi\u00f3n y para part\u00edculas grandes, que se retienen por impacto.<\/p>\n<p>En el caso de las mascarillas quir\u00fargicas de Proveil, estas poseen una filtraci\u00f3n bacteriana de hasta un 99,88%. Esto significa que El filtro Proveil mostr\u00f3 una inactivaci\u00f3n del Coronavirus Felino, Strain Munich del 96,41% despu\u00e9s de dos horas de contacto.<\/p>\n<p>En estudios antimicrobianos realizados bajo la norma JIS Z 2801 (ISO 22196:2007) y llevados a cabo por un laboratorio de microbiolog\u00eda del IATA-CSIC contra cepas de las bacterias Staphylococcus aureus y Escherichia coli, se midieron inactivaciones del 99,42 y del 99,04%, respectivamente, despu\u00e9s de dos horas de contacto con el filtro Proveil.<\/p>\n<p>De este modo, la inactivaci\u00f3n pas\u00f3 a ser de m\u00e1s de un 99,9% para ambas cepas despu\u00e9s de 3 horas de contacto con el filtro.<\/p>\n<p>En el caso de la eficiencia de filtraci\u00f3n de aerosoles tambi\u00e9n es muy elevada, superior al 90%. Cabe recordar que los aerosoles son los principales responsables de la propagaci\u00f3n del virus.<\/p>\n<p>&nbsp;<\/p>\n<p>&nbsp;<\/p>\n<h2>Por qu\u00e9 hay un l\u00edmite de uso en las mascarillas<\/h2>\n<p><img loading=\"lazy\" class=\"alignnone wp-image-183621 size-full\" src=\"https:\/\/proveil.es\/blog\/wp-content\/uploads\/2022\/03\/post-proveil-2.jpg\" alt=\"\" width=\"1024\" height=\"585\" srcset=\"https:\/\/proveil.es\/blog\/wp-content\/uploads\/2022\/03\/post-proveil-2.jpg 1024w, https:\/\/proveil.es\/blog\/wp-content\/uploads\/2022\/03\/post-proveil-2-300x171.jpg 300w, https:\/\/proveil.es\/blog\/wp-content\/uploads\/2022\/03\/post-proveil-2-768x439.jpg 768w, https:\/\/proveil.es\/blog\/wp-content\/uploads\/2022\/03\/post-proveil-2-505x289.jpg 505w\" sizes=\"(max-width: 1024px) 100vw, 1024px\" \/><\/p>\n<p>\u00bfC\u00f3mo es posible que una mascarilla que parece que est\u00e1 en perfecto estado ya no sirva? Hay algunos factores a tener en cuenta que pueden contestar a esta pregunta:<\/p>\n<ul>\n<li><strong>La humedad de la mascarilla<\/strong>. Pese a que pueda parecer que esta se encuentra en perfectas condiciones, la humedad de la saliva entra en contacto con el filtro y puede deteriorarlo (aunque las mascarillas Proveil, gracias a sus nanofibras, no se ven tan afectadas como el resto por este hecho.).<\/li>\n<\/ul>\n<ul>\n<li><strong>La contaminaci\u00f3n ambiental. <\/strong>La mascarilla entra en contacto con m\u00faltiples part\u00edculas, incluso se contamina con nuestras propias bacterias. Estas sustancias entran en contacto con la piel durante horas, dejando al rostro vulnerable frente a la humedad, sudor y maquillaje retenidos en la mascarilla.<\/li>\n<\/ul>\n<p>&nbsp;<\/p>\n<p>\u00bfQu\u00e9 hacer para prevenirlo? Puedes desinfectar con pulverizaciones de disoluci\u00f3n alcohol-agua al 75% de alcohol a una distancia de 40 cm, seguido de su secado al aire durante una hora.<\/p>\n<p><strong>\u00a0<\/strong><\/p>\n<ul>\n<li><strong>La importancia del ajuste. <\/strong>Normalmente, nos quitamos y ponemos nuestra mascarilla varias veces al d\u00eda. Al hacer esto, la tensi\u00f3n de las gomas se puede ver afectada y alterarse su ajuste, as\u00ed como la efectividad del filtro. Este es un problema presente en casi todas las mascarillas, excepto en Proveil, cuya filtraci\u00f3n mec\u00e1nica evita este efecto.<\/li>\n<\/ul>\n<p>&nbsp;<\/p>\n<h2>\u00bfQu\u00e9 pasa si utilizo mi mascarilla m\u00e1s horas de lo indicado?<\/h2>\n<p>Es esencial comprender que <strong>siempre hay que utilizar la mascarilla siguiendo las indicaciones que haya dado el fabricante<\/strong>.<\/p>\n<p>No puede afirmarse qu\u00e9 porcentaje de protecci\u00f3n puedes perder si utilizas la mascarilla m\u00e1s horas de lo que corresponden. Quiz\u00e1s sea la mitad, un cuarto o cero. Es por esto que hay que seguir las indicaciones al pie de la letra.<\/p>\n<p>Adem\u00e1s, es importante recordar que deber\u00e1s cambiar la mascarilla antes de tiempo si la nota h\u00fameda, sucia o con las gomas cedidas.<\/p>\n<p>&nbsp;<\/p>\n<h2>Por qu\u00e9 las mascarillas Proveil son m\u00e1s duraderas<\/h2>\n<p>Seg\u00fan estudios realizados internamente por los laboratorios Proveil, estas mascarillas fabricadas con tecnolog\u00eda del IATA-CSIC, conservan su alta eficiencia de filtraci\u00f3n durante 16 horas de uso en el caso de las FFP2, y de 8 horas en el caso de quir\u00fargicas e higi\u00e9nicas. \u00bfC\u00f3mo es posible?<\/p>\n<p>La filtraci\u00f3n electrost\u00e1tica, presente en casi todas las dem\u00e1s mascarillas que hay en el mercado, se deteriora con el tiempo de uso por la humedad de la respiraci\u00f3n. En cambio, las mascarillas Proveil, gracias a su tecnolog\u00eda de filtraci\u00f3n patentada basada en nanofibras, ofrece una filtraci\u00f3n mec\u00e1nica, mucho m\u00e1s eficaz.<\/p>\n<p>Como se ha visto en anteriores apartados, las mascarillas convencionales hacen uso de filtraci\u00f3n electroest\u00e1tica, mucho m\u00e1s inestable que la que se utiliza en Proveil.<\/p>\n<p>En el caso de las FFP2 Proveil, el organismo certificador ha comprobado que la eficiencia de filtraci\u00f3n se mantiene m\u00e1s all\u00e1 de su uso durante una jornada laboral de 8 horas, alcanzando las 16 horas. Adem\u00e1s, esta se mantiene tras su desinfecci\u00f3n con alcohol\/agua al 75% de alcohol.<\/p>\n<p>Tras este art\u00edculo, podemos observar que la duraci\u00f3n de las mascarillas es un elemento que nunca hay que dejar de lado. Las mascarillas Proveil, gracias a sus filtros de nanofibras y componentes viricidas, ofrecen una protecci\u00f3n y duraci\u00f3n muy superiores al resto.<\/p>\n<p>&nbsp;<\/p>\n<p>Prot\u00e9gete con Proveil.<\/p>\n","protected":false},"excerpt":{"rendered":"<p>Las mascarillas se han convertido en un objeto imprescindible para evitar el contagio y la propagaci\u00f3n de la Covid-19. \u00a0Sin embargo, muchas personas contin\u00faan utilizando las mascarillas sin tener en cuenta los l\u00edmites de tiempo, corriendo el riesgo de hacer uso inadecuado de un producto que puede que no est\u00e9 protegiendo. En este art\u00edculo, podr\u00e1s [&#8230;]\n","protected":false},"author":30708,"featured_media":183620,"comment_status":"open","ping_status":"closed","sticky":false,"template":"","format":"standard","meta":[],"categories":[1],"tags":[35,32,31,33],"yoast_head":"<!-- This site is optimized with the Yoast SEO plugin v18.2 - https:\/\/yoast.com\/wordpress\/plugins\/seo\/ -->\n<title>\u00bfCu\u00e1nto dura mi mascarilla? -<\/title>\n<meta name=\"description\" content=\"Las mascarillas se han convertido en un objeto imprescindible para evitar el contagio y la propagaci\u00f3n de la Covid-19.\" \/>\n<meta name=\"robots\" content=\"index, follow, max-snippet:-1, max-image-preview:large, max-video-preview:-1\" \/>\n<link rel=\"canonical\" href=\"https:\/\/proveil.es\/blog\/duracion-mascarillas-ffp2\/\" \/>\n<meta property=\"og:locale\" content=\"es_ES\" \/>\n<meta property=\"og:type\" content=\"article\" \/>\n<meta property=\"og:title\" content=\"\u00bfCu\u00e1nto dura mi mascarilla? -\" \/>\n<meta property=\"og:description\" content=\"Las mascarillas se han convertido en un objeto imprescindible para evitar el contagio y la propagaci\u00f3n de la Covid-19.\" \/>\n<meta property=\"og:url\" content=\"https:\/\/proveil.es\/blog\/duracion-mascarillas-ffp2\/\" \/>\n<meta property=\"article:published_time\" content=\"2022-03-18T09:24:27+00:00\" \/>\n<meta property=\"article:modified_time\" content=\"2022-03-18T09:33:43+00:00\" \/>\n<meta property=\"og:image\" content=\"https:\/\/proveil.es\/blog\/wp-content\/uploads\/2022\/03\/post-proveil.jpg\" \/>\n\t<meta property=\"og:image:width\" content=\"1024\" \/>\n\t<meta property=\"og:image:height\" content=\"585\" \/>\n\t<meta property=\"og:image:type\" content=\"image\/jpeg\" \/>\n<meta name=\"twitter:card\" content=\"summary\" \/>\n<meta name=\"twitter:creator\" content=\"@bioinicia\" \/>\n<meta name=\"twitter:site\" content=\"@bioinicia\" \/>\n<meta name=\"twitter:label1\" content=\"Escrito por\" \/>\n\t<meta name=\"twitter:data1\" content=\"Unanime AgenciaMarketing\" \/>\n\t<meta name=\"twitter:label2\" content=\"Tiempo de lectura\" \/>\n\t<meta name=\"twitter:data2\" content=\"6 minutos\" \/>\n<script type=\"application\/ld+json\" class=\"yoast-schema-graph\">{\"@context\":\"https:\/\/schema.org\",\"@graph\":[{\"@type\":\"Organization\",\"@id\":\"https:\/\/proveil.es\/blog\/#organization\",\"name\":\"BioInicia\",\"url\":\"https:\/\/proveil.es\/blog\/\",\"sameAs\":[\"https:\/\/www.instagram.com\/bioinicia\/?hl=en\",\"https:\/\/www.linkedin.com\/company\/2715089\/admin\/\",\"https:\/\/www.youtube.com\/channel\/UC_nDbEcrhtLCtfjTTZDe-AQ\/videos\",\"https:\/\/twitter.com\/bioinicia\"],\"logo\":{\"@type\":\"ImageObject\",\"@id\":\"https:\/\/proveil.es\/blog\/#logo\",\"inLanguage\":\"es\",\"url\":\"https:\/\/proveil.es\/blog\/wp-content\/uploads\/2020\/09\/proveil-social.jpg\",\"contentUrl\":\"https:\/\/proveil.es\/blog\/wp-content\/uploads\/2020\/09\/proveil-social.jpg\",\"width\":400,\"height\":200,\"caption\":\"BioInicia\"},\"image\":{\"@id\":\"https:\/\/proveil.es\/blog\/#logo\"}},{\"@type\":\"WebSite\",\"@id\":\"https:\/\/proveil.es\/blog\/#website\",\"url\":\"https:\/\/proveil.es\/blog\/\",\"name\":\"\",\"description\":\"\",\"publisher\":{\"@id\":\"https:\/\/proveil.es\/blog\/#organization\"},\"potentialAction\":[{\"@type\":\"SearchAction\",\"target\":{\"@type\":\"EntryPoint\",\"urlTemplate\":\"https:\/\/proveil.es\/blog\/?s={search_term_string}\"},\"query-input\":\"required name=search_term_string\"}],\"inLanguage\":\"es\"},{\"@type\":\"ImageObject\",\"@id\":\"https:\/\/proveil.es\/blog\/duracion-mascarillas-ffp2\/#primaryimage\",\"inLanguage\":\"es\",\"url\":\"https:\/\/proveil.es\/blog\/wp-content\/uploads\/2022\/03\/post-proveil.jpg\",\"contentUrl\":\"https:\/\/proveil.es\/blog\/wp-content\/uploads\/2022\/03\/post-proveil.jpg\",\"width\":1024,\"height\":585},{\"@type\":\"WebPage\",\"@id\":\"https:\/\/proveil.es\/blog\/duracion-mascarillas-ffp2\/#webpage\",\"url\":\"https:\/\/proveil.es\/blog\/duracion-mascarillas-ffp2\/\",\"name\":\"\u00bfCu\u00e1nto dura mi mascarilla? -\",\"isPartOf\":{\"@id\":\"https:\/\/proveil.es\/blog\/#website\"},\"primaryImageOfPage\":{\"@id\":\"https:\/\/proveil.es\/blog\/duracion-mascarillas-ffp2\/#primaryimage\"},\"datePublished\":\"2022-03-18T09:24:27+00:00\",\"dateModified\":\"2022-03-18T09:33:43+00:00\",\"description\":\"Las mascarillas se han convertido en un objeto imprescindible para evitar el contagio y la propagaci\u00f3n de la Covid-19.\",\"breadcrumb\":{\"@id\":\"https:\/\/proveil.es\/blog\/duracion-mascarillas-ffp2\/#breadcrumb\"},\"inLanguage\":\"es\",\"potentialAction\":[{\"@type\":\"ReadAction\",\"target\":[\"https:\/\/proveil.es\/blog\/duracion-mascarillas-ffp2\/\"]}]},{\"@type\":\"BreadcrumbList\",\"@id\":\"https:\/\/proveil.es\/blog\/duracion-mascarillas-ffp2\/#breadcrumb\",\"itemListElement\":[{\"@type\":\"ListItem\",\"position\":1,\"name\":\"Portada\",\"item\":\"https:\/\/proveil.es\/blog\/\"},{\"@type\":\"ListItem\",\"position\":2,\"name\":\"\u00bfCu\u00e1nto dura mi mascarilla?\"}]},{\"@type\":\"Article\",\"@id\":\"https:\/\/proveil.es\/blog\/duracion-mascarillas-ffp2\/#article\",\"isPartOf\":{\"@id\":\"https:\/\/proveil.es\/blog\/duracion-mascarillas-ffp2\/#webpage\"},\"author\":{\"@id\":\"https:\/\/proveil.es\/blog\/#\/schema\/person\/3f44f91c695d1271cb7caa84fe94f597\"},\"headline\":\"\u00bfCu\u00e1nto dura mi mascarilla?\",\"datePublished\":\"2022-03-18T09:24:27+00:00\",\"dateModified\":\"2022-03-18T09:33:43+00:00\",\"mainEntityOfPage\":{\"@id\":\"https:\/\/proveil.es\/blog\/duracion-mascarillas-ffp2\/#webpage\"},\"wordCount\":1192,\"commentCount\":0,\"publisher\":{\"@id\":\"https:\/\/proveil.es\/blog\/#organization\"},\"image\":{\"@id\":\"https:\/\/proveil.es\/blog\/duracion-mascarillas-ffp2\/#primaryimage\"},\"thumbnailUrl\":\"https:\/\/proveil.es\/blog\/wp-content\/uploads\/2022\/03\/post-proveil.jpg\",\"keywords\":[\"duraci\u00f3n mascarillas\",\"extensor\",\"ffp2\",\"mascarillas\"],\"articleSection\":[\"Noticias\"],\"inLanguage\":\"es\",\"potentialAction\":[{\"@type\":\"CommentAction\",\"name\":\"Comment\",\"target\":[\"https:\/\/proveil.es\/blog\/duracion-mascarillas-ffp2\/#respond\"]}]},{\"@type\":\"Person\",\"@id\":\"https:\/\/proveil.es\/blog\/#\/schema\/person\/3f44f91c695d1271cb7caa84fe94f597\",\"name\":\"Unanime AgenciaMarketing\",\"image\":{\"@type\":\"ImageObject\",\"@id\":\"https:\/\/proveil.es\/blog\/#personlogo\",\"inLanguage\":\"es\",\"url\":\"https:\/\/secure.gravatar.com\/avatar\/204fcc4b1baeed80c9ce03651d6f900f?s=96&d=mm&r=g\",\"contentUrl\":\"https:\/\/secure.gravatar.com\/avatar\/204fcc4b1baeed80c9ce03651d6f900f?s=96&d=mm&r=g\",\"caption\":\"Unanime AgenciaMarketing\"},\"url\":\"https:\/\/proveil.es\/blog\/author\/unanime\/\"}]}<\/script>\n<!-- \/ Yoast SEO plugin. -->","yoast_head_json":{"title":"\u00bfCu\u00e1nto dura mi mascarilla? -","description":"Las mascarillas se han convertido en un objeto imprescindible para evitar el contagio y la propagaci\u00f3n de la Covid-19.","robots":{"index":"index","follow":"follow","max-snippet":"max-snippet:-1","max-image-preview":"max-image-preview:large","max-video-preview":"max-video-preview:-1"},"canonical":"https:\/\/proveil.es\/blog\/duracion-mascarillas-ffp2\/","og_locale":"es_ES","og_type":"article","og_title":"\u00bfCu\u00e1nto dura mi mascarilla? -","og_description":"Las mascarillas se han convertido en un objeto imprescindible para evitar el contagio y la propagaci\u00f3n de la Covid-19.","og_url":"https:\/\/proveil.es\/blog\/duracion-mascarillas-ffp2\/","article_published_time":"2022-03-18T09:24:27+00:00","article_modified_time":"2022-03-18T09:33:43+00:00","og_image":[{"width":1024,"height":585,"url":"https:\/\/proveil.es\/blog\/wp-content\/uploads\/2022\/03\/post-proveil.jpg","type":"image\/jpeg"}],"twitter_card":"summary","twitter_creator":"@bioinicia","twitter_site":"@bioinicia","twitter_misc":{"Escrito por":"Unanime AgenciaMarketing","Tiempo de lectura":"6 minutos"},"schema":{"@context":"https:\/\/schema.org","@graph":[{"@type":"Organization","@id":"https:\/\/proveil.es\/blog\/#organization","name":"BioInicia","url":"https:\/\/proveil.es\/blog\/","sameAs":["https:\/\/www.instagram.com\/bioinicia\/?hl=en","https:\/\/www.linkedin.com\/company\/2715089\/admin\/","https:\/\/www.youtube.com\/channel\/UC_nDbEcrhtLCtfjTTZDe-AQ\/videos","https:\/\/twitter.com\/bioinicia"],"logo":{"@type":"ImageObject","@id":"https:\/\/proveil.es\/blog\/#logo","inLanguage":"es","url":"https:\/\/proveil.es\/blog\/wp-content\/uploads\/2020\/09\/proveil-social.jpg","contentUrl":"https:\/\/proveil.es\/blog\/wp-content\/uploads\/2020\/09\/proveil-social.jpg","width":400,"height":200,"caption":"BioInicia"},"image":{"@id":"https:\/\/proveil.es\/blog\/#logo"}},{"@type":"WebSite","@id":"https:\/\/proveil.es\/blog\/#website","url":"https:\/\/proveil.es\/blog\/","name":"","description":"","publisher":{"@id":"https:\/\/proveil.es\/blog\/#organization"},"potentialAction":[{"@type":"SearchAction","target":{"@type":"EntryPoint","urlTemplate":"https:\/\/proveil.es\/blog\/?s={search_term_string}"},"query-input":"required name=search_term_string"}],"inLanguage":"es"},{"@type":"ImageObject","@id":"https:\/\/proveil.es\/blog\/duracion-mascarillas-ffp2\/#primaryimage","inLanguage":"es","url":"https:\/\/proveil.es\/blog\/wp-content\/uploads\/2022\/03\/post-proveil.jpg","contentUrl":"https:\/\/proveil.es\/blog\/wp-content\/uploads\/2022\/03\/post-proveil.jpg","width":1024,"height":585},{"@type":"WebPage","@id":"https:\/\/proveil.es\/blog\/duracion-mascarillas-ffp2\/#webpage","url":"https:\/\/proveil.es\/blog\/duracion-mascarillas-ffp2\/","name":"\u00bfCu\u00e1nto dura mi mascarilla? -","isPartOf":{"@id":"https:\/\/proveil.es\/blog\/#website"},"primaryImageOfPage":{"@id":"https:\/\/proveil.es\/blog\/duracion-mascarillas-ffp2\/#primaryimage"},"datePublished":"2022-03-18T09:24:27+00:00","dateModified":"2022-03-18T09:33:43+00:00","description":"Las mascarillas se han convertido en un objeto imprescindible para evitar el contagio y la propagaci\u00f3n de la Covid-19.","breadcrumb":{"@id":"https:\/\/proveil.es\/blog\/duracion-mascarillas-ffp2\/#breadcrumb"},"inLanguage":"es","potentialAction":[{"@type":"ReadAction","target":["https:\/\/proveil.es\/blog\/duracion-mascarillas-ffp2\/"]}]},{"@type":"BreadcrumbList","@id":"https:\/\/proveil.es\/blog\/duracion-mascarillas-ffp2\/#breadcrumb","itemListElement":[{"@type":"ListItem","position":1,"name":"Portada","item":"https:\/\/proveil.es\/blog\/"},{"@type":"ListItem","position":2,"name":"\u00bfCu\u00e1nto dura mi mascarilla?"}]},{"@type":"Article","@id":"https:\/\/proveil.es\/blog\/duracion-mascarillas-ffp2\/#article","isPartOf":{"@id":"https:\/\/proveil.es\/blog\/duracion-mascarillas-ffp2\/#webpage"},"author":{"@id":"https:\/\/proveil.es\/blog\/#\/schema\/person\/3f44f91c695d1271cb7caa84fe94f597"},"headline":"\u00bfCu\u00e1nto dura mi mascarilla?","datePublished":"2022-03-18T09:24:27+00:00","dateModified":"2022-03-18T09:33:43+00:00","mainEntityOfPage":{"@id":"https:\/\/proveil.es\/blog\/duracion-mascarillas-ffp2\/#webpage"},"wordCount":1192,"commentCount":0,"publisher":{"@id":"https:\/\/proveil.es\/blog\/#organization"},"image":{"@id":"https:\/\/proveil.es\/blog\/duracion-mascarillas-ffp2\/#primaryimage"},"thumbnailUrl":"https:\/\/proveil.es\/blog\/wp-content\/uploads\/2022\/03\/post-proveil.jpg","keywords":["duraci\u00f3n mascarillas","extensor","ffp2","mascarillas"],"articleSection":["Noticias"],"inLanguage":"es","potentialAction":[{"@type":"CommentAction","name":"Comment","target":["https:\/\/proveil.es\/blog\/duracion-mascarillas-ffp2\/#respond"]}]},{"@type":"Person","@id":"https:\/\/proveil.es\/blog\/#\/schema\/person\/3f44f91c695d1271cb7caa84fe94f597","name":"Unanime AgenciaMarketing","image":{"@type":"ImageObject","@id":"https:\/\/proveil.es\/blog\/#personlogo","inLanguage":"es","url":"https:\/\/secure.gravatar.com\/avatar\/204fcc4b1baeed80c9ce03651d6f900f?s=96&d=mm&r=g","contentUrl":"https:\/\/secure.gravatar.com\/avatar\/204fcc4b1baeed80c9ce03651d6f900f?s=96&d=mm&r=g","caption":"Unanime AgenciaMarketing"},"url":"https:\/\/proveil.es\/blog\/author\/unanime\/"}]}},"_links":{"self":[{"href":"https:\/\/proveil.es\/blog\/wp-json\/wp\/v2\/posts\/183619"}],"collection":[{"href":"https:\/\/proveil.es\/blog\/wp-json\/wp\/v2\/posts"}],"about":[{"href":"https:\/\/proveil.es\/blog\/wp-json\/wp\/v2\/types\/post"}],"author":[{"embeddable":true,"href":"https:\/\/proveil.es\/blog\/wp-json\/wp\/v2\/users\/30708"}],"replies":[{"embeddable":true,"href":"https:\/\/proveil.es\/blog\/wp-json\/wp\/v2\/comments?post=183619"}],"version-history":[{"count":7,"href":"https:\/\/proveil.es\/blog\/wp-json\/wp\/v2\/posts\/183619\/revisions"}],"predecessor-version":[{"id":183630,"href":"https:\/\/proveil.es\/blog\/wp-json\/wp\/v2\/posts\/183619\/revisions\/183630"}],"wp:featuredmedia":[{"embeddable":true,"href":"https:\/\/proveil.es\/blog\/wp-json\/wp\/v2\/media\/183620"}],"wp:attachment":[{"href":"https:\/\/proveil.es\/blog\/wp-json\/wp\/v2\/media?parent=183619"}],"wp:term":[{"taxonomy":"category","embeddable":true,"href":"https:\/\/proveil.es\/blog\/wp-json\/wp\/v2\/categories?post=183619"},{"taxonomy":"post_tag","embeddable":true,"href":"https:\/\/proveil.es\/blog\/wp-json\/wp\/v2\/tags?post=183619"}],"curies":[{"name":"wp","href":"https:\/\/api.w.org\/{rel}","templated":true}]}}