{"id":93596,"date":"2021-03-01T14:43:39","date_gmt":"2021-03-01T13:43:39","guid":{"rendered":"https:\/\/proveil.es\/?p=93596"},"modified":"2021-03-25T11:37:45","modified_gmt":"2021-03-25T10:37:45","slug":"como-elegir-talla-mascarillas-proveil","status":"publish","type":"post","link":"https:\/\/proveil.es\/blog\/como-elegir-talla-mascarillas-proveil\/","title":{"rendered":"Un estudio con el instituto de biomec\u00e1nica de valencia: c\u00f3mo elegir la talla adecuada de mascarilla Proveil"},"content":{"rendered":"<p>Una de las preocupaciones de Proveil es no solo proporcionar protecci\u00f3n sino tambi\u00e9n confort al usuario. La comodidad durante el uso de la mascarilla es tan importante como la propia funci\u00f3n, que es sin duda proteger. Es l\u00f3gico pensar que, dado que no compartimos la misma talla y morfolog\u00eda, tampoco podemos usar todos el mismo tama\u00f1o de mascarilla. En este sentido, hemos sido fieles a nuestro compromiso con la sociedad y hemos llevado a cabo un estudio con el IBV, Instituto de Biomec\u00e1nica Valenciano, para escoger de manera sencilla entre las diferentes tallas de mascarillas Proveil.<\/p>\n<h2><strong>Objetivo del estudio<\/strong><\/h2>\n<p>El objetivo del estudio ha sido <strong>definir una metodolog\u00eda de selecci\u00f3n de talla de mascarilla. <\/strong>Adem\u00e1s, los objetivos parciales que se plantearon fueron estos:<\/p>\n<ul>\n<li>Selecci\u00f3n de la medida principal de la cara que determina el ajuste de la mascarilla.<\/li>\n<li>Pruebas de ajuste con usuarios seleccionados de acuerdo a la variabilidad poblacional. Como resultado de estas pruebas se obtuvo una tabla de clasificaci\u00f3n en tallas (S, M y L), es decir, el rango de la medida de la cara correspondientes a cada talla de mascarilla.<\/li>\n<li>Descripci\u00f3n del m\u00e9todo para registrar de forma sencilla la medida de la cara utilizada en la tabla de clasificaci\u00f3n de tallas. Teniendo en cuenta que ten\u00eda que ser un m\u00e9todo sencillo y f\u00e1cil de realizar en casa.<\/li>\n<\/ul>\n<h2><strong>La metodolog\u00eda<\/strong><\/h2>\n<p>A trav\u00e9s de los ensayos con usuarios el <strong>objetivo<\/strong> ha sido obtener un sistema fiable y sencillo para la medici\u00f3n en casa que permita saber qu\u00e9 talla de mascarilla Proveil necesitamos; crear una tabla de clasificaci\u00f3n de tallas; y establecer algunas propuestas de mejora en el dise\u00f1o de la mascarilla para su ajuste y confort en las que han participado el equipo investigador y los usuarios.<\/p>\n<p>La metodolog\u00eda del estudio llevado a cabo ha consistido en la realizaci\u00f3n de <strong>tres tipos de ensayo<\/strong> en los que se han completado tres cuestionarios diferentes, que se corresponden con cada uno de los objetivos mencionados:<\/p>\n<ul>\n<li><strong>Cuestionario 1: Medici\u00f3n en casa.<\/strong> Se ha dise\u00f1ado un sistema de medici\u00f3n sencillo, en casa, teniendo en cuenta una sola medida, la principal, para que los usuarios puedan elegir la talla m\u00e1s adecuada.<\/li>\n<li><strong>Cuestionario 2: Ensayos de ajuste con usuarios en laboratorio.<\/strong> Despu\u00e9s de haberse medido los usuarios en casa se repiti\u00f3 el proceso en el laboratorio para realizar una comparativa y ver los posibles errores en las medidas. En el laboratorio los usuarios tuvieron la oportunidad de probar las mascarillas para recoger las primeras impresiones y realizar una serie de movimientos (descritos en la norma UNE-EN 149:2001+A1); de esta forma, se pudo observar, a nivel experto, qu\u00e9 aspectos deben mejorarse en el sistema de medici\u00f3n y adjudicaci\u00f3n de talla, as\u00ed como las primeras impresiones en aspectos relacionados con el ajuste y el confort de las distintas tallas.<\/li>\n<li><strong>Cuestionario 3: Valoraci\u00f3n final de ajuste y confort.<\/strong> Por \u00faltimo, los usuarios seleccionados para el ensayo probaron una o dos mascarillas durante 6 horas (seguidas o ininterrumpidamente) para poder valorar el ajuste y el confort despu\u00e9s del uso continuado, y as\u00ed poder valorar qu\u00e9 talla es la m\u00e1s adecuada y si podr\u00edan llevar adecuadamente una o varias tallas.<\/li>\n<\/ul>\n<h2><strong>Perfil de los usuarios<\/strong><\/h2>\n<p>El perfil de los usuarios seleccionados corresponde a una distribuci\u00f3n equitativa entre hombres y mujeres, y se busc\u00f3 la representaci\u00f3n de todos los grupos de edad y dimensiones corporales (tanto en altura como en peso), as\u00ed como la de usuarios habituales de FFP2 y los no habituales, que representan un 50% respectivamente.<\/p>\n<h2><strong>Instrucciones<\/strong><\/h2>\n<p>En conclusi\u00f3n, y bas\u00e1ndose en los resultados del estudio realizado, estas son las instrucciones que deben seguir los usuarios en casa para medirse la cara y elegir correctamente la talla de mascarilla:<\/p>\n<ul>\n<li>Coge un l\u00e1piz y una regla r\u00edgida o semir\u00edgida, y sit\u00faate frente a un espejo. La opci\u00f3n m\u00e1s recomendable es un l\u00e1piz porque es corto, y es m\u00e1s f\u00e1cil mantenerlo en un plano horizontal.<\/li>\n<\/ul>\n<p><img loading=\"lazy\" class=\"aligncenter wp-image-93737 size-large\" src=\"https:\/\/proveil.es\/wp-content\/uploads\/2021\/03\/paso-1-1024x768.png\" alt=\"tallas de mascarillas\" width=\"1020\" height=\"765\" srcset=\"https:\/\/proveil.es\/blog\/wp-content\/uploads\/2021\/03\/paso-1-1024x768.png 1024w, https:\/\/proveil.es\/blog\/wp-content\/uploads\/2021\/03\/paso-1-300x225.png 300w, https:\/\/proveil.es\/blog\/wp-content\/uploads\/2021\/03\/paso-1-768x576.png 768w, https:\/\/proveil.es\/blog\/wp-content\/uploads\/2021\/03\/paso-1-505x379.png 505w, https:\/\/proveil.es\/blog\/wp-content\/uploads\/2021\/03\/paso-1.png 1200w\" sizes=\"(max-width: 1020px) 100vw, 1020px\" \/><\/p>\n<ul>\n<li>Sit\u00faa la regla o la cinta m\u00e9trica de forma vertical y coloca el cero a la altura del centro de la pupila. Es importante mantener una postura recta, mirando al frente.<\/li>\n<li>A continuaci\u00f3n, apoya el l\u00e1piz horizontalmente justo debajo de tu barbilla de manera que se cruce con la regla o la cinta m\u00e9trica (como se muestra en la imagen) y anota la medida. El l\u00e1piz debe situarse debajo del ment\u00f3n, y no m\u00e1s hacia dentro. Es importante que tomes la medida con la mand\u00edbula cerrada y que uses la l\u00ednea superior del l\u00e1piz como referencia.<\/li>\n<\/ul>\n<p><img loading=\"lazy\" class=\"aligncenter wp-image-93739 size-large\" src=\"https:\/\/proveil.es\/wp-content\/uploads\/2021\/03\/paso-2-1024x768.png\" alt=\"tallas mascarillas\" width=\"1020\" height=\"765\" srcset=\"https:\/\/proveil.es\/blog\/wp-content\/uploads\/2021\/03\/paso-2-1024x768.png 1024w, https:\/\/proveil.es\/blog\/wp-content\/uploads\/2021\/03\/paso-2-300x225.png 300w, https:\/\/proveil.es\/blog\/wp-content\/uploads\/2021\/03\/paso-2-768x576.png 768w, https:\/\/proveil.es\/blog\/wp-content\/uploads\/2021\/03\/paso-2-505x379.png 505w, https:\/\/proveil.es\/blog\/wp-content\/uploads\/2021\/03\/paso-2.png 1200w\" sizes=\"(max-width: 1020px) 100vw, 1020px\" \/><\/p>\n<ul>\n<li>Repite el proceso dos veces m\u00e1s (toma tres medidas en total).<\/li>\n<li>Utiliza la media de las tres medidas para seleccionar tu talla.<\/li>\n<\/ul>\n<p><img loading=\"lazy\" class=\"aligncenter wp-image-93740 size-large\" src=\"https:\/\/proveil.es\/wp-content\/uploads\/2021\/03\/paso-3A-1024x768.png\" alt=\"Tallas mascarillas\" width=\"1020\" height=\"765\" srcset=\"https:\/\/proveil.es\/blog\/wp-content\/uploads\/2021\/03\/paso-3A-1024x768.png 1024w, https:\/\/proveil.es\/blog\/wp-content\/uploads\/2021\/03\/paso-3A-300x225.png 300w, https:\/\/proveil.es\/blog\/wp-content\/uploads\/2021\/03\/paso-3A-768x576.png 768w, https:\/\/proveil.es\/blog\/wp-content\/uploads\/2021\/03\/paso-3A-505x379.png 505w, https:\/\/proveil.es\/blog\/wp-content\/uploads\/2021\/03\/paso-3A.png 1200w\" sizes=\"(max-width: 1020px) 100vw, 1020px\" \/><\/p>\n<p>&nbsp;<\/p>\n<p>Si dudas entre dos tallas:<\/p>\n<p>Si dudas entre la talla S y M, <strong>elige la talla S si <\/strong>habitualmente este tipo de mascarillas (COVID-19 o FFP2) <strong>te quedan holgadas o dejan huecos <\/strong>en nariz, barbilla o mejillas. <strong>En caso contrario, elige la M. <\/strong><\/p>\n<p>Si dudas entre la talla M y L, <strong>elige la L s\u00f3lo si <\/strong>habitualmente este tipo de mascarillas (COVID-19 o FFP2) <strong>se te bajan o te dejan la nariz al descubierto al hablar o moverte. En caso contrario, elige la M. <\/strong><\/p>\n<p>&nbsp;<\/p>\n","protected":false},"excerpt":{"rendered":"<p>Una de las preocupaciones de Proveil es no solo proporcionar protecci\u00f3n sino tambi\u00e9n confort al usuario. La comodidad durante el uso de la mascarilla es tan importante como la propia funci\u00f3n, que es sin duda proteger. Es l\u00f3gico pensar que, dado que no compartimos la misma talla y morfolog\u00eda, tampoco podemos usar todos el mismo [&#8230;]\n","protected":false},"author":311,"featured_media":93736,"comment_status":"open","ping_status":"closed","sticky":false,"template":"","format":"standard","meta":[],"categories":[1],"tags":[],"yoast_head":"<!-- This site is optimized with the Yoast SEO plugin v18.2 - https:\/\/yoast.com\/wordpress\/plugins\/seo\/ -->\n<title>Como elegir tu talla de mascarilla - Proveil - CSIC - Gu\u00eda de tallas<\/title>\n<meta name=\"description\" content=\"Gracias a nuestra gu\u00eda podr\u00e1s conocer tu talla de mascarilla para elegir la que mejor se adapte a tu rostro\" \/>\n<meta name=\"robots\" content=\"index, follow, max-snippet:-1, max-image-preview:large, max-video-preview:-1\" \/>\n<link rel=\"canonical\" href=\"https:\/\/proveil.es\/blog\/como-elegir-talla-mascarillas-proveil\/\" \/>\n<meta property=\"og:locale\" content=\"es_ES\" \/>\n<meta property=\"og:type\" content=\"article\" \/>\n<meta property=\"og:title\" content=\"Como elegir tu talla de mascarilla - Proveil - CSIC - Gu\u00eda de tallas\" \/>\n<meta property=\"og:description\" content=\"Gracias a nuestra gu\u00eda podr\u00e1s conocer tu talla de mascarilla para elegir la que mejor se adapte a tu rostro\" \/>\n<meta property=\"og:url\" content=\"https:\/\/proveil.es\/blog\/como-elegir-talla-mascarillas-proveil\/\" \/>\n<meta property=\"article:published_time\" content=\"2021-03-01T13:43:39+00:00\" \/>\n<meta property=\"article:modified_time\" content=\"2021-03-25T10:37:45+00:00\" \/>\n<meta property=\"og:image\" content=\"https:\/\/proveil.es\/blog\/wp-content\/uploads\/2021\/03\/tallas-mascarilla-blog.png\" \/>\n\t<meta property=\"og:image:width\" content=\"1200\" \/>\n\t<meta property=\"og:image:height\" content=\"900\" \/>\n\t<meta property=\"og:image:type\" content=\"image\/png\" \/>\n<meta name=\"twitter:card\" content=\"summary\" \/>\n<meta name=\"twitter:creator\" content=\"@bioinicia\" \/>\n<meta name=\"twitter:site\" content=\"@bioinicia\" \/>\n<meta name=\"twitter:label1\" content=\"Escrito por\" \/>\n\t<meta name=\"twitter:data1\" content=\"Proveil\" \/>\n\t<meta name=\"twitter:label2\" content=\"Tiempo de lectura\" \/>\n\t<meta name=\"twitter:data2\" content=\"5 minutos\" \/>\n<script type=\"application\/ld+json\" class=\"yoast-schema-graph\">{\"@context\":\"https:\/\/schema.org\",\"@graph\":[{\"@type\":\"Organization\",\"@id\":\"https:\/\/proveil.es\/blog\/#organization\",\"name\":\"BioInicia\",\"url\":\"https:\/\/proveil.es\/blog\/\",\"sameAs\":[\"https:\/\/www.instagram.com\/bioinicia\/?hl=en\",\"https:\/\/www.linkedin.com\/company\/2715089\/admin\/\",\"https:\/\/www.youtube.com\/channel\/UC_nDbEcrhtLCtfjTTZDe-AQ\/videos\",\"https:\/\/twitter.com\/bioinicia\"],\"logo\":{\"@type\":\"ImageObject\",\"@id\":\"https:\/\/proveil.es\/blog\/#logo\",\"inLanguage\":\"es\",\"url\":\"https:\/\/proveil.es\/blog\/wp-content\/uploads\/2020\/09\/proveil-social.jpg\",\"contentUrl\":\"https:\/\/proveil.es\/blog\/wp-content\/uploads\/2020\/09\/proveil-social.jpg\",\"width\":400,\"height\":200,\"caption\":\"BioInicia\"},\"image\":{\"@id\":\"https:\/\/proveil.es\/blog\/#logo\"}},{\"@type\":\"WebSite\",\"@id\":\"https:\/\/proveil.es\/blog\/#website\",\"url\":\"https:\/\/proveil.es\/blog\/\",\"name\":\"\",\"description\":\"\",\"publisher\":{\"@id\":\"https:\/\/proveil.es\/blog\/#organization\"},\"potentialAction\":[{\"@type\":\"SearchAction\",\"target\":{\"@type\":\"EntryPoint\",\"urlTemplate\":\"https:\/\/proveil.es\/blog\/?s={search_term_string}\"},\"query-input\":\"required name=search_term_string\"}],\"inLanguage\":\"es\"},{\"@type\":\"ImageObject\",\"@id\":\"https:\/\/proveil.es\/blog\/como-elegir-talla-mascarillas-proveil\/#primaryimage\",\"inLanguage\":\"es\",\"url\":\"https:\/\/proveil.es\/blog\/wp-content\/uploads\/2021\/03\/tallas-mascarilla-blog.png\",\"contentUrl\":\"https:\/\/proveil.es\/blog\/wp-content\/uploads\/2021\/03\/tallas-mascarilla-blog.png\",\"width\":1200,\"height\":900,\"caption\":\"tallas mascarilla\"},{\"@type\":\"WebPage\",\"@id\":\"https:\/\/proveil.es\/blog\/como-elegir-talla-mascarillas-proveil\/#webpage\",\"url\":\"https:\/\/proveil.es\/blog\/como-elegir-talla-mascarillas-proveil\/\",\"name\":\"Como elegir tu talla de mascarilla - Proveil - CSIC - Gu\u00eda de tallas\",\"isPartOf\":{\"@id\":\"https:\/\/proveil.es\/blog\/#website\"},\"primaryImageOfPage\":{\"@id\":\"https:\/\/proveil.es\/blog\/como-elegir-talla-mascarillas-proveil\/#primaryimage\"},\"datePublished\":\"2021-03-01T13:43:39+00:00\",\"dateModified\":\"2021-03-25T10:37:45+00:00\",\"description\":\"Gracias a nuestra gu\u00eda podr\u00e1s conocer tu talla de mascarilla para elegir la que mejor se adapte a tu rostro\",\"breadcrumb\":{\"@id\":\"https:\/\/proveil.es\/blog\/como-elegir-talla-mascarillas-proveil\/#breadcrumb\"},\"inLanguage\":\"es\",\"potentialAction\":[{\"@type\":\"ReadAction\",\"target\":[\"https:\/\/proveil.es\/blog\/como-elegir-talla-mascarillas-proveil\/\"]}]},{\"@type\":\"BreadcrumbList\",\"@id\":\"https:\/\/proveil.es\/blog\/como-elegir-talla-mascarillas-proveil\/#breadcrumb\",\"itemListElement\":[{\"@type\":\"ListItem\",\"position\":1,\"name\":\"Portada\",\"item\":\"https:\/\/proveil.es\/blog\/\"},{\"@type\":\"ListItem\",\"position\":2,\"name\":\"Un estudio con el instituto de biomec\u00e1nica de valencia: c\u00f3mo elegir la talla adecuada de mascarilla Proveil\"}]},{\"@type\":\"Article\",\"@id\":\"https:\/\/proveil.es\/blog\/como-elegir-talla-mascarillas-proveil\/#article\",\"isPartOf\":{\"@id\":\"https:\/\/proveil.es\/blog\/como-elegir-talla-mascarillas-proveil\/#webpage\"},\"author\":{\"@id\":\"https:\/\/proveil.es\/blog\/#\/schema\/person\/fa47fba2432fc1439cc185b5cfae3975\"},\"headline\":\"Un estudio con el instituto de biomec\u00e1nica de valencia: c\u00f3mo elegir la talla adecuada de mascarilla Proveil\",\"datePublished\":\"2021-03-01T13:43:39+00:00\",\"dateModified\":\"2021-03-25T10:37:45+00:00\",\"mainEntityOfPage\":{\"@id\":\"https:\/\/proveil.es\/blog\/como-elegir-talla-mascarillas-proveil\/#webpage\"},\"wordCount\":923,\"commentCount\":10,\"publisher\":{\"@id\":\"https:\/\/proveil.es\/blog\/#organization\"},\"image\":{\"@id\":\"https:\/\/proveil.es\/blog\/como-elegir-talla-mascarillas-proveil\/#primaryimage\"},\"thumbnailUrl\":\"https:\/\/proveil.es\/blog\/wp-content\/uploads\/2021\/03\/tallas-mascarilla-blog.png\",\"articleSection\":[\"Noticias\"],\"inLanguage\":\"es\",\"potentialAction\":[{\"@type\":\"CommentAction\",\"name\":\"Comment\",\"target\":[\"https:\/\/proveil.es\/blog\/como-elegir-talla-mascarillas-proveil\/#respond\"]}]},{\"@type\":\"Person\",\"@id\":\"https:\/\/proveil.es\/blog\/#\/schema\/person\/fa47fba2432fc1439cc185b5cfae3975\",\"name\":\"Proveil\",\"image\":{\"@type\":\"ImageObject\",\"@id\":\"https:\/\/proveil.es\/blog\/#personlogo\",\"inLanguage\":\"es\",\"url\":\"https:\/\/secure.gravatar.com\/avatar\/9f54fd349d6938c8690d9f1ac01b9c68?s=96&d=mm&r=g\",\"contentUrl\":\"https:\/\/secure.gravatar.com\/avatar\/9f54fd349d6938c8690d9f1ac01b9c68?s=96&d=mm&r=g\",\"caption\":\"Proveil\"},\"url\":\"https:\/\/proveil.es\/blog\/author\/jcano\/\"}]}<\/script>\n<!-- \/ Yoast SEO plugin. -->","yoast_head_json":{"title":"Como elegir tu talla de mascarilla - Proveil - CSIC - Gu\u00eda de tallas","description":"Gracias a nuestra gu\u00eda podr\u00e1s conocer tu talla de mascarilla para elegir la que mejor se adapte a tu rostro","robots":{"index":"index","follow":"follow","max-snippet":"max-snippet:-1","max-image-preview":"max-image-preview:large","max-video-preview":"max-video-preview:-1"},"canonical":"https:\/\/proveil.es\/blog\/como-elegir-talla-mascarillas-proveil\/","og_locale":"es_ES","og_type":"article","og_title":"Como elegir tu talla de mascarilla - Proveil - CSIC - Gu\u00eda de tallas","og_description":"Gracias a nuestra gu\u00eda podr\u00e1s conocer tu talla de mascarilla para elegir la que mejor se adapte a tu rostro","og_url":"https:\/\/proveil.es\/blog\/como-elegir-talla-mascarillas-proveil\/","article_published_time":"2021-03-01T13:43:39+00:00","article_modified_time":"2021-03-25T10:37:45+00:00","og_image":[{"width":1200,"height":900,"url":"https:\/\/proveil.es\/blog\/wp-content\/uploads\/2021\/03\/tallas-mascarilla-blog.png","type":"image\/png"}],"twitter_card":"summary","twitter_creator":"@bioinicia","twitter_site":"@bioinicia","twitter_misc":{"Escrito por":"Proveil","Tiempo de lectura":"5 minutos"},"schema":{"@context":"https:\/\/schema.org","@graph":[{"@type":"Organization","@id":"https:\/\/proveil.es\/blog\/#organization","name":"BioInicia","url":"https:\/\/proveil.es\/blog\/","sameAs":["https:\/\/www.instagram.com\/bioinicia\/?hl=en","https:\/\/www.linkedin.com\/company\/2715089\/admin\/","https:\/\/www.youtube.com\/channel\/UC_nDbEcrhtLCtfjTTZDe-AQ\/videos","https:\/\/twitter.com\/bioinicia"],"logo":{"@type":"ImageObject","@id":"https:\/\/proveil.es\/blog\/#logo","inLanguage":"es","url":"https:\/\/proveil.es\/blog\/wp-content\/uploads\/2020\/09\/proveil-social.jpg","contentUrl":"https:\/\/proveil.es\/blog\/wp-content\/uploads\/2020\/09\/proveil-social.jpg","width":400,"height":200,"caption":"BioInicia"},"image":{"@id":"https:\/\/proveil.es\/blog\/#logo"}},{"@type":"WebSite","@id":"https:\/\/proveil.es\/blog\/#website","url":"https:\/\/proveil.es\/blog\/","name":"","description":"","publisher":{"@id":"https:\/\/proveil.es\/blog\/#organization"},"potentialAction":[{"@type":"SearchAction","target":{"@type":"EntryPoint","urlTemplate":"https:\/\/proveil.es\/blog\/?s={search_term_string}"},"query-input":"required name=search_term_string"}],"inLanguage":"es"},{"@type":"ImageObject","@id":"https:\/\/proveil.es\/blog\/como-elegir-talla-mascarillas-proveil\/#primaryimage","inLanguage":"es","url":"https:\/\/proveil.es\/blog\/wp-content\/uploads\/2021\/03\/tallas-mascarilla-blog.png","contentUrl":"https:\/\/proveil.es\/blog\/wp-content\/uploads\/2021\/03\/tallas-mascarilla-blog.png","width":1200,"height":900,"caption":"tallas mascarilla"},{"@type":"WebPage","@id":"https:\/\/proveil.es\/blog\/como-elegir-talla-mascarillas-proveil\/#webpage","url":"https:\/\/proveil.es\/blog\/como-elegir-talla-mascarillas-proveil\/","name":"Como elegir tu talla de mascarilla - Proveil - CSIC - Gu\u00eda de tallas","isPartOf":{"@id":"https:\/\/proveil.es\/blog\/#website"},"primaryImageOfPage":{"@id":"https:\/\/proveil.es\/blog\/como-elegir-talla-mascarillas-proveil\/#primaryimage"},"datePublished":"2021-03-01T13:43:39+00:00","dateModified":"2021-03-25T10:37:45+00:00","description":"Gracias a nuestra gu\u00eda podr\u00e1s conocer tu talla de mascarilla para elegir la que mejor se adapte a tu rostro","breadcrumb":{"@id":"https:\/\/proveil.es\/blog\/como-elegir-talla-mascarillas-proveil\/#breadcrumb"},"inLanguage":"es","potentialAction":[{"@type":"ReadAction","target":["https:\/\/proveil.es\/blog\/como-elegir-talla-mascarillas-proveil\/"]}]},{"@type":"BreadcrumbList","@id":"https:\/\/proveil.es\/blog\/como-elegir-talla-mascarillas-proveil\/#breadcrumb","itemListElement":[{"@type":"ListItem","position":1,"name":"Portada","item":"https:\/\/proveil.es\/blog\/"},{"@type":"ListItem","position":2,"name":"Un estudio con el instituto de biomec\u00e1nica de valencia: c\u00f3mo elegir la talla adecuada de mascarilla Proveil"}]},{"@type":"Article","@id":"https:\/\/proveil.es\/blog\/como-elegir-talla-mascarillas-proveil\/#article","isPartOf":{"@id":"https:\/\/proveil.es\/blog\/como-elegir-talla-mascarillas-proveil\/#webpage"},"author":{"@id":"https:\/\/proveil.es\/blog\/#\/schema\/person\/fa47fba2432fc1439cc185b5cfae3975"},"headline":"Un estudio con el instituto de biomec\u00e1nica de valencia: c\u00f3mo elegir la talla adecuada de mascarilla Proveil","datePublished":"2021-03-01T13:43:39+00:00","dateModified":"2021-03-25T10:37:45+00:00","mainEntityOfPage":{"@id":"https:\/\/proveil.es\/blog\/como-elegir-talla-mascarillas-proveil\/#webpage"},"wordCount":923,"commentCount":10,"publisher":{"@id":"https:\/\/proveil.es\/blog\/#organization"},"image":{"@id":"https:\/\/proveil.es\/blog\/como-elegir-talla-mascarillas-proveil\/#primaryimage"},"thumbnailUrl":"https:\/\/proveil.es\/blog\/wp-content\/uploads\/2021\/03\/tallas-mascarilla-blog.png","articleSection":["Noticias"],"inLanguage":"es","potentialAction":[{"@type":"CommentAction","name":"Comment","target":["https:\/\/proveil.es\/blog\/como-elegir-talla-mascarillas-proveil\/#respond"]}]},{"@type":"Person","@id":"https:\/\/proveil.es\/blog\/#\/schema\/person\/fa47fba2432fc1439cc185b5cfae3975","name":"Proveil","image":{"@type":"ImageObject","@id":"https:\/\/proveil.es\/blog\/#personlogo","inLanguage":"es","url":"https:\/\/secure.gravatar.com\/avatar\/9f54fd349d6938c8690d9f1ac01b9c68?s=96&d=mm&r=g","contentUrl":"https:\/\/secure.gravatar.com\/avatar\/9f54fd349d6938c8690d9f1ac01b9c68?s=96&d=mm&r=g","caption":"Proveil"},"url":"https:\/\/proveil.es\/blog\/author\/jcano\/"}]}},"_links":{"self":[{"href":"https:\/\/proveil.es\/blog\/wp-json\/wp\/v2\/posts\/93596"}],"collection":[{"href":"https:\/\/proveil.es\/blog\/wp-json\/wp\/v2\/posts"}],"about":[{"href":"https:\/\/proveil.es\/blog\/wp-json\/wp\/v2\/types\/post"}],"author":[{"embeddable":true,"href":"https:\/\/proveil.es\/blog\/wp-json\/wp\/v2\/users\/311"}],"replies":[{"embeddable":true,"href":"https:\/\/proveil.es\/blog\/wp-json\/wp\/v2\/comments?post=93596"}],"version-history":[{"count":4,"href":"https:\/\/proveil.es\/blog\/wp-json\/wp\/v2\/posts\/93596\/revisions"}],"predecessor-version":[{"id":93744,"href":"https:\/\/proveil.es\/blog\/wp-json\/wp\/v2\/posts\/93596\/revisions\/93744"}],"wp:featuredmedia":[{"embeddable":true,"href":"https:\/\/proveil.es\/blog\/wp-json\/wp\/v2\/media\/93736"}],"wp:attachment":[{"href":"https:\/\/proveil.es\/blog\/wp-json\/wp\/v2\/media?parent=93596"}],"wp:term":[{"taxonomy":"category","embeddable":true,"href":"https:\/\/proveil.es\/blog\/wp-json\/wp\/v2\/categories?post=93596"},{"taxonomy":"post_tag","embeddable":true,"href":"https:\/\/proveil.es\/blog\/wp-json\/wp\/v2\/tags?post=93596"}],"curies":[{"name":"wp","href":"https:\/\/api.w.org\/{rel}","templated":true}]}}